{"id":173486,"date":"2021-03-25T23:58:31","date_gmt":"2021-03-25T23:58:31","guid":{"rendered":"https:\/\/www.enteratever.com\/2023\/mario-alarcon-trueba-se-registra-por-la-diputacion-federal-por-el-v-distrito\/"},"modified":"2021-03-25T23:58:31","modified_gmt":"2021-03-25T23:58:31","slug":"mario-alarcon-trueba-se-registra-por-la-diputacion-federal-por-el-v-distrito","status":"publish","type":"post","link":"https:\/\/www.enteratever.com\/2023\/2021\/03\/25\/mario-alarcon-trueba-se-registra-por-la-diputacion-federal-por-el-v-distrito\/","title":{"rendered":"Marco Alarc\u00f3n Trueba se registra por la diputaci\u00f3n federal por el V distrito"},"content":{"rendered":"<p>Visitas: 4<\/p>\n<p class=\"wp-block-paragraph\">Poza Rica, Veracruz.- Al medio d\u00eda de este jueves 25 de marzo Marco Aurelio Alarc\u00f3n Trueba, se registr\u00f3 ante el Instituto Nacional Electoral (INE) como aspirante a la diputaci\u00f3n federal por el quinto distrito, abanderado por el Partido Redes Sociales Progresistas ( RSP).<\/p>\n\n\n\n<p class=\"wp-block-paragraph\">Acompa\u00f1ado de la militancia y que le brinda la confianza lleg\u00f3 a las instalaciones del INE en donde realiz\u00f3 el protocolo para poder quedar registrado, por lo que el registro de realiz\u00f3 a puerta cerrada, esto debido a los protocolos sanitarios debido a la pandemia del Covid-19.<\/p>\n\n\n\n<p class=\"wp-block-paragraph\">Una vez que sali\u00f3 el aspirante la diputaci\u00f3n federal dijo que se siente agradecido con la militancia del partido qui\u00e9n le est\u00e1 permitiendo representar al partido en el pr\u00f3ximo proceso electoral, por lo que ya quiere iniciar a trabajar pero tiene que esperar a que sea abril para poder iniciar y sin ning\u00fan problema.<\/p>\n\n\n\n<p class=\"wp-block-paragraph\">Resalt\u00f3 que se tiene que seguir trabajando en el tema del petr\u00f3leo, pues la ciudad a\u00fan cuenta con todo para volver a tener el boom, por lo que no se han empleado los mecanismos correctos para que se inviertan en este tema, por lo que dijo que se requiere trabajar para buscar m\u00e1s beneficios para la ciudad.<\/p>\n\n\n\n<p class=\"wp-block-paragraph\">Espera conectar con el respaldo de la ciudadan\u00eda, para poder as\u00ed ser el ganador en el pr\u00f3ximo proceso electoral, pues \u00e9l estar\u00e1 levantando la mano para poder dar a conocer las necesidades de su pueblo, por lo que el no se quedar\u00e1 callado y solo posar para la foto, pues es necesario regresar al pasado para traer todo lo que se les quit\u00f3 a la gente.<\/p>\n\n\n\n<figure class=\"wp-block-gallery columns-1 wp-block-gallery-1 is-layout-flex wp-block-gallery-is-layout-flex\"><ul class=\"blocks-gallery-grid\"><li class=\"blocks-gallery-item\"><figure><img decoding=\"async\" src=\"https:\/\/www.enteratever.com\/2020\/wp-content\/uploads\/2021\/03\/WhatsApp-Image-2021-03-25-at-17.08.16.jpeg\" alt=\"\" data-id=\"40883\" data-full-url=\"https:\/\/www.enteratever.com\/2020\/wp-content\/uploads\/2021\/03\/WhatsApp-Image-2021-03-25-at-17.08.16.jpeg\" data-link=\"https:\/\/www.enteratever.com\/?attachment_id=40883\" class=\"wp-image-40883\"\/><\/figure><\/li><li class=\"blocks-gallery-item\"><figure><img decoding=\"async\" src=\"https:\/\/www.enteratever.com\/2020\/wp-content\/uploads\/2021\/03\/WhatsApp-Image-2021-03-25-at-17.21.27.jpeg\" alt=\"\" data-id=\"40882\" data-full-url=\"https:\/\/www.enteratever.com\/2020\/wp-content\/uploads\/2021\/03\/WhatsApp-Image-2021-03-25-at-17.21.27.jpeg\" data-link=\"https:\/\/www.enteratever.com\/?attachment_id=40882\" class=\"wp-image-40882\"\/><\/figure><\/li><li class=\"blocks-gallery-item\"><figure><img decoding=\"async\" src=\"https:\/\/www.enteratever.com\/2020\/wp-content\/uploads\/2021\/03\/WhatsApp-Image-2021-03-25-at-17.08.15.jpeg\" alt=\"\" data-id=\"40881\" data-full-url=\"https:\/\/www.enteratever.com\/2020\/wp-content\/uploads\/2021\/03\/WhatsApp-Image-2021-03-25-at-17.08.15.jpeg\" data-link=\"https:\/\/www.enteratever.com\/?attachment_id=40881\" class=\"wp-image-40881\"\/><\/figure><\/li><\/ul><\/figure>\n","protected":false},"excerpt":{"rendered":"<p>Visitas: 4 Poza Rica, Veracruz.- Al medio d\u00eda de este jueves 25 de marzo Marco Aurelio Alarc\u00f3n Trueba, se registr\u00f3 ante el Instituto Nacional Electoral (INE) como aspirante a la diputaci\u00f3n federal por el quinto distrito, abanderado por el Partido Redes Sociales Progresistas ( RSP). Acompa\u00f1ado de la militancia y que le brinda la confianza [&hellip;]<\/p>\n","protected":false},"author":4,"featured_media":173487,"comment_status":"open","ping_status":"open","sticky":false,"template":"","format":"standard","meta":{"footnotes":""},"categories":[213],"tags":[],"class_list":["post-173486","post","type-post","status-publish","format-standard","has-post-thumbnail","category-poza-rica"],"nelio_content":{"isAutoShareEnabled":true,"autoShareEndMode":"never","automationSources":{"useCustomSentences":false,"customSentences":[]},"followers":[],"suggestedReferences":[],"efiUrl":"","efiAlt":"","highlights":[],"permalinkQueryArgs":[],"series":[]},"_links":{"self":[{"href":"https:\/\/www.enteratever.com\/2023\/wp-json\/wp\/v2\/posts\/173486","targetHints":{"allow":["GET"]}}],"collection":[{"href":"https:\/\/www.enteratever.com\/2023\/wp-json\/wp\/v2\/posts"}],"about":[{"href":"https:\/\/www.enteratever.com\/2023\/wp-json\/wp\/v2\/types\/post"}],"author":[{"embeddable":true,"href":"https:\/\/www.enteratever.com\/2023\/wp-json\/wp\/v2\/users\/4"}],"replies":[{"embeddable":true,"href":"https:\/\/www.enteratever.com\/2023\/wp-json\/wp\/v2\/comments?post=173486"}],"version-history":[{"count":0,"href":"https:\/\/www.enteratever.com\/2023\/wp-json\/wp\/v2\/posts\/173486\/revisions"}],"wp:featuredmedia":[{"embeddable":true,"href":"https:\/\/www.enteratever.com\/2023\/wp-json\/wp\/v2\/media\/173487"}],"wp:attachment":[{"href":"https:\/\/www.enteratever.com\/2023\/wp-json\/wp\/v2\/media?parent=173486"}],"wp:term":[{"taxonomy":"category","embeddable":true,"href":"https:\/\/www.enteratever.com\/2023\/wp-json\/wp\/v2\/categories?post=173486"},{"taxonomy":"post_tag","embeddable":true,"href":"https:\/\/www.enteratever.com\/2023\/wp-json\/wp\/v2\/tags?post=173486"}],"curies":[{"name":"wp","href":"https:\/\/api.w.org\/{rel}","templated":true}]}}