{"id":173481,"date":"2021-03-25T19:31:50","date_gmt":"2021-03-25T19:31:50","guid":{"rendered":"https:\/\/www.enteratever.com\/2023\/podemos-busca-a-jose-kirsch-para-representar-al-partido\/"},"modified":"2021-03-25T19:31:50","modified_gmt":"2021-03-25T19:31:50","slug":"podemos-busca-a-jose-kirsch-para-representar-al-partido","status":"publish","type":"post","link":"https:\/\/www.enteratever.com\/2023\/2021\/03\/25\/podemos-busca-a-jose-kirsch-para-representar-al-partido\/","title":{"rendered":"Podemos busca a Jos\u00e9 Kirsch para representar al partido."},"content":{"rendered":"<p>Visitas: 3<\/p>\n<p class=\"wp-block-paragraph\">Poza Rica, Veracruz.- Debido a la gran experiencia y que el partido pol\u00edtico Podemos desde un inicio dieron a conocer que el partido estar\u00eda buscando a personas que en verdad quieran hacer algo por la ciudad, es por eso que buscaron al ciudadano Jos\u00e9 Kirsch S\u00e1nchez a sumarse al proyecto y abanderar la candidatura a la alcald\u00eda de Poza Rica.<\/p>\n\n\n\n<p class=\"wp-block-paragraph\">A trav\u00e9s de un documento, los j\u00f3venes Jos\u00e9 Guevara Rivera y Betzab\u00e9 Clemente Santa Rosa como presidente del comit\u00e9 directivo municipal y delegada especial distrital respectivamente, invitaron a Pepe Kirsch a sumar esfuerzos, talento y experiencias para lograr un verdadero cambio y crear beneficios m\u00e1s a la poblaci\u00f3n.<\/p>\n\n\n\n<p class=\"wp-block-paragraph\">Los dirigentes juveniles de Podemos consideran que Jos\u00e9 Kirsch es la mejor opci\u00f3n para representar a este proyecto pol\u00edtico en las pr\u00f3ximas elecciones ya que coinciden con los ideales y principios morales que el doctor ha demostrado en su \u00e1mbito laboral, acad\u00e9mica, pol\u00edtico y sobre todo, el lado humano que lo caracteriza.<\/p>\n\n\n\n<figure class=\"wp-block-gallery columns-1 is-cropped wp-block-gallery-1 is-layout-flex wp-block-gallery-is-layout-flex\"><ul class=\"blocks-gallery-grid\"><li class=\"blocks-gallery-item\"><figure><img decoding=\"async\" src=\"https:\/\/www.enteratever.com\/2020\/wp-content\/uploads\/2021\/03\/podemos-carta-1024x1024.jpg\" alt=\"\" data-id=\"40828\" data-full-url=\"https:\/\/www.enteratever.com\/2020\/wp-content\/uploads\/2021\/03\/podemos-carta.jpg\" data-link=\"https:\/\/www.enteratever.com\/podemos-busca-a-jose-kirsch-para-representar-al-partido\/podemos-carta\/\" class=\"wp-image-40828\"\/><\/figure><\/li><\/ul><\/figure>\n\n\n\n<p class=\"wp-block-paragraph\">A pesar de ser un partido pol\u00edtico de reciente creaci\u00f3n, Podemos busca impulsar y dar oportunidad a los j\u00f3venes y a personas con calidad moral, incorruptibles y con convicci\u00f3n de servir a Poza Rica como lo demostr\u00f3 Pepe Kirsch cuando fue diputado local, y en dos a\u00f1os alcanz\u00f3 una haza\u00f1a hist\u00f3rica al lograr 20 leyes aprobadas, un r\u00e9cord \u00fanico para un legislador en la historia de Veracruz.<\/p>\n\n\n\n<p class=\"wp-block-paragraph\">En los pr\u00f3ximos d\u00edas Jos\u00e9 Kirsch S\u00e1nchez dar\u00e1 a conocer su respuesta sobre la invitaci\u00f3n que le realizaron en d\u00edas pasados los representantes del comit\u00e9 directivo municipal de este instituto pol\u00edtico, pues recordemos que Kirsch renuncio al partido Redes Sociales Progresistas (RSP).<\/p>\n","protected":false},"excerpt":{"rendered":"<p>Visitas: 3 Poza Rica, Veracruz.- Debido a la gran experiencia y que el partido pol\u00edtico Podemos desde un inicio dieron a conocer que el partido estar\u00eda buscando a personas que en verdad quieran hacer algo por la ciudad, es por eso que buscaron al ciudadano Jos\u00e9 Kirsch S\u00e1nchez a sumarse al proyecto y abanderar la [&hellip;]<\/p>\n","protected":false},"author":4,"featured_media":173423,"comment_status":"open","ping_status":"open","sticky":false,"template":"","format":"standard","meta":{"footnotes":""},"categories":[213],"tags":[],"class_list":["post-173481","post","type-post","status-publish","format-standard","has-post-thumbnail","category-poza-rica"],"nelio_content":{"isAutoShareEnabled":true,"autoShareEndMode":"never","automationSources":{"useCustomSentences":false,"customSentences":[]},"followers":[],"suggestedReferences":[],"efiUrl":"","efiAlt":"","highlights":[],"permalinkQueryArgs":[],"series":[]},"_links":{"self":[{"href":"https:\/\/www.enteratever.com\/2023\/wp-json\/wp\/v2\/posts\/173481","targetHints":{"allow":["GET"]}}],"collection":[{"href":"https:\/\/www.enteratever.com\/2023\/wp-json\/wp\/v2\/posts"}],"about":[{"href":"https:\/\/www.enteratever.com\/2023\/wp-json\/wp\/v2\/types\/post"}],"author":[{"embeddable":true,"href":"https:\/\/www.enteratever.com\/2023\/wp-json\/wp\/v2\/users\/4"}],"replies":[{"embeddable":true,"href":"https:\/\/www.enteratever.com\/2023\/wp-json\/wp\/v2\/comments?post=173481"}],"version-history":[{"count":0,"href":"https:\/\/www.enteratever.com\/2023\/wp-json\/wp\/v2\/posts\/173481\/revisions"}],"wp:featuredmedia":[{"embeddable":true,"href":"https:\/\/www.enteratever.com\/2023\/wp-json\/wp\/v2\/media\/173423"}],"wp:attachment":[{"href":"https:\/\/www.enteratever.com\/2023\/wp-json\/wp\/v2\/media?parent=173481"}],"wp:term":[{"taxonomy":"category","embeddable":true,"href":"https:\/\/www.enteratever.com\/2023\/wp-json\/wp\/v2\/categories?post=173481"},{"taxonomy":"post_tag","embeddable":true,"href":"https:\/\/www.enteratever.com\/2023\/wp-json\/wp\/v2\/tags?post=173481"}],"curies":[{"name":"wp","href":"https:\/\/api.w.org\/{rel}","templated":true}]}}