{"id":173477,"date":"2021-03-24T21:47:35","date_gmt":"2021-03-24T21:47:35","guid":{"rendered":"https:\/\/www.enteratever.com\/2023\/hospital-regional-de-poza-rica-sin-especialistas\/"},"modified":"2021-03-24T21:47:35","modified_gmt":"2021-03-24T21:47:35","slug":"hospital-regional-de-poza-rica-sin-especialistas","status":"publish","type":"post","link":"https:\/\/www.enteratever.com\/2023\/2021\/03\/24\/hospital-regional-de-poza-rica-sin-especialistas\/","title":{"rendered":"Hospital Regional de Poza Rica sin especialistas"},"content":{"rendered":"<p>Visitas: 1<\/p>\n<p class=\"wp-block-paragraph\"><em>\u2022 Desde hace seis meses que no cuentan con radi\u00f3logo.<\/em><\/p>\n\n\n\n<p class=\"wp-block-paragraph\">Ciudadanos se quejan del p\u00e9simo servicio que les han otorgado en el Hospital Regional de Poza Rica, pues a pesar de que no cuentan con los especialistas lea dan sus citas y el d\u00eda que les toca su revisi\u00f3n m\u00e9dica se topan con que llevan meses sin doctores que les puedan a tender, por lo que consideran i justo pues muchos de ellos viene de otros municipios para que se les brinde del servicio m\u00e9dico.<\/p>\n\n\n\n<p class=\"wp-block-paragraph\">La se\u00f1ora Jumencia Ruiz se\u00f1al\u00f3 que los pasaron al \u00e1rea de radiolog\u00eda ya que requer\u00edan de que a su familiar requer\u00eda de una placa para conocer el estado en el que se encuentra su brazo, pero al llegar la personas encargada de recepci\u00f3n le dijo de manera grosera que desde hace seis meses no cuentan con el personal encargado, por lo que le sugiri\u00f3 que acudiera a un particular para que se hicieran el estudio y despu\u00e9s acudiera para que un doctor le leyera su placa.<\/p>\n\n\n\n<p class=\"wp-block-paragraph\">Por lo que se\u00f1al\u00f3 injusto, por que ellos proviene del Chote y se tiene que levantar temprano para llegar a tiempo para que le hagan esto, adem\u00e1s de que muchos no cuentan con los recursos necesarios para acudir a una cl\u00ednica particular, por lo que si piden hablar con el encargado del hospital pero les dicen que nunca est\u00e1.<\/p>\n\n\n\n<p class=\"wp-block-paragraph\">La se\u00f1ora Jumencia dijo que otras tres personas tambi\u00e9n estaban en espera, por lo que aquellos que tengas los recursos pues ir\u00e1n a los hospitales particulares pero aquellos que no, pues estar\u00e1n esperando y haciendo presi\u00f3n para que las autoridades de salud se den cuenta en el estado que se encuentra el regional.<\/p>\n\n\n\n<p class=\"wp-block-paragraph\">Cabe destacar que el d\u00eda de ayer 23 de marzo el Secretario de Salud estuvo presente en la ciudad para visitar los puntos de vacunaci\u00f3n y a pesar de conocer la situaci\u00f3n en la que se encuentran los hospitales del municipio por lo que prefiri\u00f3 no hablar del tema.<\/p>\n","protected":false},"excerpt":{"rendered":"<p>Visitas: 1 \u2022 Desde hace seis meses que no cuentan con radi\u00f3logo. Ciudadanos se quejan del p\u00e9simo servicio que les han otorgado en el Hospital Regional de Poza Rica, pues a pesar de que no cuentan con los especialistas lea dan sus citas y el d\u00eda que les toca su revisi\u00f3n m\u00e9dica se topan con [&hellip;]<\/p>\n","protected":false},"author":4,"featured_media":173478,"comment_status":"open","ping_status":"open","sticky":false,"template":"","format":"standard","meta":{"footnotes":""},"categories":[213],"tags":[],"class_list":["post-173477","post","type-post","status-publish","format-standard","has-post-thumbnail","category-poza-rica"],"nelio_content":{"isAutoShareEnabled":true,"autoShareEndMode":"never","automationSources":{"useCustomSentences":false,"customSentences":[]},"followers":[],"suggestedReferences":[],"efiUrl":"","efiAlt":"","highlights":[],"permalinkQueryArgs":[],"series":[]},"_links":{"self":[{"href":"https:\/\/www.enteratever.com\/2023\/wp-json\/wp\/v2\/posts\/173477","targetHints":{"allow":["GET"]}}],"collection":[{"href":"https:\/\/www.enteratever.com\/2023\/wp-json\/wp\/v2\/posts"}],"about":[{"href":"https:\/\/www.enteratever.com\/2023\/wp-json\/wp\/v2\/types\/post"}],"author":[{"embeddable":true,"href":"https:\/\/www.enteratever.com\/2023\/wp-json\/wp\/v2\/users\/4"}],"replies":[{"embeddable":true,"href":"https:\/\/www.enteratever.com\/2023\/wp-json\/wp\/v2\/comments?post=173477"}],"version-history":[{"count":0,"href":"https:\/\/www.enteratever.com\/2023\/wp-json\/wp\/v2\/posts\/173477\/revisions"}],"wp:featuredmedia":[{"embeddable":true,"href":"https:\/\/www.enteratever.com\/2023\/wp-json\/wp\/v2\/media\/173478"}],"wp:attachment":[{"href":"https:\/\/www.enteratever.com\/2023\/wp-json\/wp\/v2\/media?parent=173477"}],"wp:term":[{"taxonomy":"category","embeddable":true,"href":"https:\/\/www.enteratever.com\/2023\/wp-json\/wp\/v2\/categories?post=173477"},{"taxonomy":"post_tag","embeddable":true,"href":"https:\/\/www.enteratever.com\/2023\/wp-json\/wp\/v2\/tags?post=173477"}],"curies":[{"name":"wp","href":"https:\/\/api.w.org\/{rel}","templated":true}]}}