{"id":173473,"date":"2021-03-24T21:38:45","date_gmt":"2021-03-24T21:38:45","guid":{"rendered":"https:\/\/www.enteratever.com\/2023\/arranca-jornada-de-salud-para-las-mujeres-del-municipio\/"},"modified":"2021-03-24T21:38:45","modified_gmt":"2021-03-24T21:38:45","slug":"arranca-jornada-de-salud-para-las-mujeres-del-municipio","status":"publish","type":"post","link":"https:\/\/www.enteratever.com\/2023\/2021\/03\/24\/arranca-jornada-de-salud-para-las-mujeres-del-municipio\/","title":{"rendered":"Arranca jornada de salud para las mujeres del municipio"},"content":{"rendered":"<p>Visitas: 4<\/p>\n<p class=\"wp-block-paragraph\">A fin de poder brindar servicios de salud a las mujeres del municipio, el Instituto Municipal de la Mujer (IMM) inaugur\u00f3 la jornada de salud denominada \u201cYo me cuido\u201d, esto como parte de las actividades que el instituto viene realizando como parte de la conmemoraci\u00f3n de del D\u00eda Internacional de la Mujer y que debido a la pandemia no han podido realizar un evento masivo como ellas hubieran querido.<\/p>\n\n\n\n<p class=\"wp-block-paragraph\">De acuerdo con Norma Arango Gibb, Titular del IMM agradeci\u00f3 al personal de las \u00e1reas de c\u00e1ncer de mama y salud familiar de la Jurisdicci\u00f3n Sanitaria n\u00famero 3, por participar en esta jornada de salud que se desarrollar\u00e1 este mi\u00e9rcoles y jueves en el parque Ju\u00e1rez, pues se\u00f1al\u00f3 que cuidar a las mujeres es tarea de todos.<\/p>\n\n\n\n<p class=\"wp-block-paragraph\">Se\u00f1al\u00f3 que en municipio son altos los \u00edndices de mujeres con c\u00e1ncer de mama, quienes en la mayor\u00eda de las ocasiones son diagnosticadas de manera tard\u00eda de este padecimiento, por lo que es importante que las mujeres acudan con su m\u00e9dico a realizarse chequeos m\u00e9dicos y desgraciadamente muchas veces las mujeres no se hacen chequeos los diferentes temas, pero es necesario que lo hagan.<\/p>\n\n\n\n<p class=\"wp-block-paragraph\">Se estar\u00e1 buscando el poder acercar las jornadas de salud a mujeres de colonias vulnerables de Poza Rica, qui\u00e9nes por la pandemia no pueden salir de sus hogares o que por desconocimiento pasan por alto las se\u00f1ales de alerta, cabe destacar que estos trabajos ser\u00e1n en coordinaci\u00f3n con la Jurisdicci\u00f3n Sanitaria.<\/p>\n\n\n\n<p class=\"wp-block-paragraph\">El evento se est\u00e1 llevando acabo en la p\u00e9rgola del parque Benito Ju\u00e1rez, donde se realizan de manera gratuita ex\u00e1menes de VHI, Papanocolao, exploraci\u00f3n mamaria y se otorgar\u00e1 120 pases para mastograf\u00eda f\u00e9minas mayores de 40 a\u00f1os de manera gratuita, est\u00e1 jornada se realizar\u00e1 durante dos d\u00edas, por lo que las mujeres pueden acudir.<\/p>\n\n\n\n<figure class=\"wp-block-gallery columns-1 wp-block-gallery-1 is-layout-flex wp-block-gallery-is-layout-flex\"><ul class=\"blocks-gallery-grid\"><li class=\"blocks-gallery-item\"><figure><img decoding=\"async\" src=\"https:\/\/www.enteratever.com\/2020\/wp-content\/uploads\/2021\/03\/WhatsApp-Image-2021-03-24-at-14.38.21.jpeg\" alt=\"\" data-id=\"40708\" data-full-url=\"https:\/\/www.enteratever.com\/2020\/wp-content\/uploads\/2021\/03\/WhatsApp-Image-2021-03-24-at-14.38.21.jpeg\" data-link=\"https:\/\/www.enteratever.com\/?attachment_id=40708\" class=\"wp-image-40708\"\/><\/figure><\/li><li class=\"blocks-gallery-item\"><figure><img decoding=\"async\" src=\"https:\/\/www.enteratever.com\/2020\/wp-content\/uploads\/2021\/03\/WhatsApp-Image-2021-03-24-at-14.38.22.jpeg\" alt=\"\" data-id=\"40709\" data-full-url=\"https:\/\/www.enteratever.com\/2020\/wp-content\/uploads\/2021\/03\/WhatsApp-Image-2021-03-24-at-14.38.22.jpeg\" data-link=\"https:\/\/www.enteratever.com\/?attachment_id=40709\" class=\"wp-image-40709\"\/><\/figure><\/li><\/ul><\/figure>\n","protected":false},"excerpt":{"rendered":"<p>Visitas: 4 A fin de poder brindar servicios de salud a las mujeres del municipio, el Instituto Municipal de la Mujer (IMM) inaugur\u00f3 la jornada de salud denominada \u201cYo me cuido\u201d, esto como parte de las actividades que el instituto viene realizando como parte de la conmemoraci\u00f3n de del D\u00eda Internacional de la Mujer y [&hellip;]<\/p>\n","protected":false},"author":4,"featured_media":173474,"comment_status":"open","ping_status":"open","sticky":false,"template":"","format":"standard","meta":{"footnotes":""},"categories":[213],"tags":[],"class_list":["post-173473","post","type-post","status-publish","format-standard","has-post-thumbnail","category-poza-rica"],"nelio_content":{"isAutoShareEnabled":true,"autoShareEndMode":"never","automationSources":{"useCustomSentences":false,"customSentences":[]},"followers":[],"suggestedReferences":[],"efiUrl":"","efiAlt":"","highlights":[],"permalinkQueryArgs":[],"series":[]},"_links":{"self":[{"href":"https:\/\/www.enteratever.com\/2023\/wp-json\/wp\/v2\/posts\/173473","targetHints":{"allow":["GET"]}}],"collection":[{"href":"https:\/\/www.enteratever.com\/2023\/wp-json\/wp\/v2\/posts"}],"about":[{"href":"https:\/\/www.enteratever.com\/2023\/wp-json\/wp\/v2\/types\/post"}],"author":[{"embeddable":true,"href":"https:\/\/www.enteratever.com\/2023\/wp-json\/wp\/v2\/users\/4"}],"replies":[{"embeddable":true,"href":"https:\/\/www.enteratever.com\/2023\/wp-json\/wp\/v2\/comments?post=173473"}],"version-history":[{"count":0,"href":"https:\/\/www.enteratever.com\/2023\/wp-json\/wp\/v2\/posts\/173473\/revisions"}],"wp:featuredmedia":[{"embeddable":true,"href":"https:\/\/www.enteratever.com\/2023\/wp-json\/wp\/v2\/media\/173474"}],"wp:attachment":[{"href":"https:\/\/www.enteratever.com\/2023\/wp-json\/wp\/v2\/media?parent=173473"}],"wp:term":[{"taxonomy":"category","embeddable":true,"href":"https:\/\/www.enteratever.com\/2023\/wp-json\/wp\/v2\/categories?post=173473"},{"taxonomy":"post_tag","embeddable":true,"href":"https:\/\/www.enteratever.com\/2023\/wp-json\/wp\/v2\/tags?post=173473"}],"curies":[{"name":"wp","href":"https:\/\/api.w.org\/{rel}","templated":true}]}}