{"id":173463,"date":"2021-03-23T00:02:03","date_gmt":"2021-03-23T00:02:03","guid":{"rendered":"https:\/\/www.enteratever.com\/2023\/alcalde-exhorta-a-no-bajar-la-guardia\/"},"modified":"2021-03-23T00:02:03","modified_gmt":"2021-03-23T00:02:03","slug":"alcalde-exhorta-a-no-bajar-la-guardia","status":"publish","type":"post","link":"https:\/\/www.enteratever.com\/2023\/2021\/03\/23\/alcalde-exhorta-a-no-bajar-la-guardia\/","title":{"rendered":"Alcalde exhorta a no bajar la guardia"},"content":{"rendered":"<p>Visitas: 1<\/p>\n<p class=\"wp-block-paragraph\">El alcalde Francisco Javier Vel\u00e1zquez Vallejo dijo el hecho de que ya se comenz\u00f3 con la aplicaci\u00f3n de la vacuna del Covid-19 no quiere decir que deben de bajar la guardia, por lo que es en este momento en donde se necesita que se sigan con las medidas para as\u00ed reducir el n\u00famero de contagios en el municipio.<\/p>\n\n\n\n<p class=\"wp-block-paragraph\">El mandatario se\u00f1al\u00f3 que sabe que se viene las vacaciones de Semana Santa, por lo que es muy com\u00fan que los ciudadanos reciben familiares, por lo que exhortan a mantenerse en casa y evitar acudir a lugares concurridos donde se pongan en peligro su identidad.<\/p>\n\n\n\n<p class=\"wp-block-paragraph\">Mencion\u00f3 que muchos prefieren acudir a las playas, por lo que es necesario que las personas que entiendan que es primordial el mantenerse en su casa, pues se tiene conocimiento que se viene otra ola de contagios de covid-19, por lo que si no es necesario no salir de sus casas para as\u00ed evitar ponerse en riesgo y as\u00ed ayudar a reducir la posibilidad de que los hospitales colapsen.<\/p>\n\n\n\n<p class=\"wp-block-paragraph\">Con respecto a la aplicaci\u00f3n de la vacuna, se\u00f1al\u00f3 que est\u00e9 es un paso muy grande y en el que las personas de la tercera edad est\u00e1n siendo favorecidas, por lo que est\u00e1n garantizada la vacuna para todas las personas que se registraron, felicit\u00f3 a la ciudadan\u00eda por la responsabilidad de acudir a la hora que se les asigna y as\u00ed se evitan aglomeraciones de personas.<\/p>\n\n\n\n<p class=\"wp-block-paragraph\">Por \u00faltimo mencion\u00f3 que durante toda la semanas en las cuatro sedes se estar\u00e1 aplicando la vacuna, en caso de que no se hayan registrado pueden acudir a los m\u00f3dulos y de todas formas ser\u00e1n vacunados, pero lo primordial es cumplir con el registro, as\u00ed tambi\u00e9n llegar a los tipos que se les dan para que as\u00ed se pueda hacer m\u00e1s r\u00e1pido y de la mejor manera.<\/p>\n\n\n\n<figure class=\"wp-block-gallery columns-1 wp-block-gallery-1 is-layout-flex wp-block-gallery-is-layout-flex\"><ul class=\"blocks-gallery-grid\"><li class=\"blocks-gallery-item\"><figure><img decoding=\"async\" src=\"https:\/\/www.enteratever.com\/2020\/wp-content\/uploads\/2021\/03\/WhatsApp-Image-2021-03-22-at-17.33.06.jpeg\" alt=\"\" data-id=\"40485\" data-full-url=\"https:\/\/www.enteratever.com\/2020\/wp-content\/uploads\/2021\/03\/WhatsApp-Image-2021-03-22-at-17.33.06.jpeg\" data-link=\"https:\/\/www.enteratever.com\/?attachment_id=40485\" class=\"wp-image-40485\"\/><\/figure><\/li><li class=\"blocks-gallery-item\"><figure><img decoding=\"async\" src=\"https:\/\/www.enteratever.com\/2020\/wp-content\/uploads\/2021\/03\/WhatsApp-Image-2021-03-22-at-17.33.07.jpeg\" alt=\"\" data-id=\"40486\" data-full-url=\"https:\/\/www.enteratever.com\/2020\/wp-content\/uploads\/2021\/03\/WhatsApp-Image-2021-03-22-at-17.33.07.jpeg\" data-link=\"https:\/\/www.enteratever.com\/?attachment_id=40486\" class=\"wp-image-40486\"\/><\/figure><\/li><li class=\"blocks-gallery-item\"><figure><img decoding=\"async\" src=\"https:\/\/www.enteratever.com\/2020\/wp-content\/uploads\/2021\/03\/WhatsApp-Image-2021-03-22-at-17.33.08.jpeg\" alt=\"\" data-id=\"40487\" data-full-url=\"https:\/\/www.enteratever.com\/2020\/wp-content\/uploads\/2021\/03\/WhatsApp-Image-2021-03-22-at-17.33.08.jpeg\" data-link=\"https:\/\/www.enteratever.com\/?attachment_id=40487\" class=\"wp-image-40487\"\/><\/figure><\/li><li class=\"blocks-gallery-item\"><figure><img decoding=\"async\" src=\"https:\/\/www.enteratever.com\/2020\/wp-content\/uploads\/2021\/03\/WhatsApp-Image-2021-03-22-at-17.33.09.jpeg\" alt=\"\" data-id=\"40488\" data-full-url=\"https:\/\/www.enteratever.com\/2020\/wp-content\/uploads\/2021\/03\/WhatsApp-Image-2021-03-22-at-17.33.09.jpeg\" data-link=\"https:\/\/www.enteratever.com\/?attachment_id=40488\" class=\"wp-image-40488\"\/><\/figure><\/li><li class=\"blocks-gallery-item\"><figure><img decoding=\"async\" src=\"https:\/\/www.enteratever.com\/2020\/wp-content\/uploads\/2021\/03\/WhatsApp-Image-2021-03-22-at-17.33.10.jpeg\" alt=\"\" data-id=\"40489\" data-full-url=\"https:\/\/www.enteratever.com\/2020\/wp-content\/uploads\/2021\/03\/WhatsApp-Image-2021-03-22-at-17.33.10.jpeg\" data-link=\"https:\/\/www.enteratever.com\/?attachment_id=40489\" class=\"wp-image-40489\"\/><\/figure><\/li><\/ul><\/figure>\n","protected":false},"excerpt":{"rendered":"<p>Visitas: 1 El alcalde Francisco Javier Vel\u00e1zquez Vallejo dijo el hecho de que ya se comenz\u00f3 con la aplicaci\u00f3n de la vacuna del Covid-19 no quiere decir que deben de bajar la guardia, por lo que es en este momento en donde se necesita que se sigan con las medidas para as\u00ed reducir el n\u00famero [&hellip;]<\/p>\n","protected":false},"author":4,"featured_media":173464,"comment_status":"open","ping_status":"open","sticky":false,"template":"","format":"standard","meta":{"footnotes":""},"categories":[213],"tags":[],"class_list":["post-173463","post","type-post","status-publish","format-standard","has-post-thumbnail","category-poza-rica"],"nelio_content":{"isAutoShareEnabled":true,"autoShareEndMode":"never","automationSources":{"useCustomSentences":false,"customSentences":[]},"followers":[],"suggestedReferences":[],"efiUrl":"","efiAlt":"","highlights":[],"permalinkQueryArgs":[],"series":[]},"_links":{"self":[{"href":"https:\/\/www.enteratever.com\/2023\/wp-json\/wp\/v2\/posts\/173463","targetHints":{"allow":["GET"]}}],"collection":[{"href":"https:\/\/www.enteratever.com\/2023\/wp-json\/wp\/v2\/posts"}],"about":[{"href":"https:\/\/www.enteratever.com\/2023\/wp-json\/wp\/v2\/types\/post"}],"author":[{"embeddable":true,"href":"https:\/\/www.enteratever.com\/2023\/wp-json\/wp\/v2\/users\/4"}],"replies":[{"embeddable":true,"href":"https:\/\/www.enteratever.com\/2023\/wp-json\/wp\/v2\/comments?post=173463"}],"version-history":[{"count":0,"href":"https:\/\/www.enteratever.com\/2023\/wp-json\/wp\/v2\/posts\/173463\/revisions"}],"wp:featuredmedia":[{"embeddable":true,"href":"https:\/\/www.enteratever.com\/2023\/wp-json\/wp\/v2\/media\/173464"}],"wp:attachment":[{"href":"https:\/\/www.enteratever.com\/2023\/wp-json\/wp\/v2\/media?parent=173463"}],"wp:term":[{"taxonomy":"category","embeddable":true,"href":"https:\/\/www.enteratever.com\/2023\/wp-json\/wp\/v2\/categories?post=173463"},{"taxonomy":"post_tag","embeddable":true,"href":"https:\/\/www.enteratever.com\/2023\/wp-json\/wp\/v2\/tags?post=173463"}],"curies":[{"name":"wp","href":"https:\/\/api.w.org\/{rel}","templated":true}]}}