{"id":173461,"date":"2021-03-22T18:47:30","date_gmt":"2021-03-22T18:47:30","guid":{"rendered":"https:\/\/www.enteratever.com\/2023\/aseguran-vacuna-para-todas-las-personas-de-las-tercera-edad\/"},"modified":"2021-03-22T18:47:30","modified_gmt":"2021-03-22T18:47:30","slug":"aseguran-vacuna-para-todas-las-personas-de-las-tercera-edad","status":"publish","type":"post","link":"https:\/\/www.enteratever.com\/2023\/2021\/03\/22\/aseguran-vacuna-para-todas-las-personas-de-las-tercera-edad\/","title":{"rendered":"Aseguran vacuna para todas las personas de las tercera edad"},"content":{"rendered":"<p>Visitas: 3<\/p>\n<p class=\"wp-block-paragraph\">Poza Rica, Veracruz.- De acuerdo con Emilio Olvera Andrade Delegado Regional de Programas Sociales de Bienestar dio a conocer que aquellas persona que no se hayan registrado o que no se hubieran enterado y que quieran recibir la vacuna pueden acudir a cualquiera de los m\u00f3dulos, para que puedan ser vacunados.<\/p>\n\n\n\n<p class=\"wp-block-paragraph\">En entrevista se\u00f1al\u00f3 que es necesario que las personas traigan en mano su credencial para votar o bien un comprobante de domicilio, esto debido a que ya se present\u00f3 el caso de personas que quisieron vacunarse pero provienen de otros municipios aleda\u00f1os, es por eso que implementaron esta estrategia.<\/p>\n\n\n\n<p class=\"wp-block-paragraph\">Record\u00f3 que todos ser\u00e1n vacunados, pero tiene que esperar los tiempos que se les asigne, por lo que esta ves solo ser\u00e1 para la gente del municipio petrolero los que estar\u00e1n recibiendo la vacuna, pues en cada uno de los municipios se est\u00e1 implementando una campa\u00f1a para que nadie se quede sin la vacuna.<\/p>\n\n\n\n<p class=\"wp-block-paragraph\">Destac\u00f3 que es importante que la ciudadan\u00eda est\u00e9 enterada que no existen gestores para la aplicaci\u00f3n de las vacunas, pues a pesar de que no se han presentado casos es necesario que las personas lo sepan, para que reporten ante las oficinas de bienestar.<\/p>\n\n\n\n<p class=\"wp-block-paragraph\">Por \u00faltimo dijo que una vez que se termine la aplicaci\u00f3n de la primera dosis se estar\u00e1 realizando una campa\u00f1a para aquellas personas que no pudieron registrarse para que en el pr\u00f3ximo periodo de vacunaci\u00f3n est\u00e9n contemplados, adem\u00e1s de que estar\u00e1n acudiendo a los hogares de las piernas que cuenten con alguna discapacidad o que no tengan quien los lleve al m\u00f3dulo para que ellos tambi\u00e9n sean vacunados.<\/p>\n\n\n\n<figure class=\"wp-block-gallery columns-1 wp-block-gallery-1 is-layout-flex wp-block-gallery-is-layout-flex\"><ul class=\"blocks-gallery-grid\"><li class=\"blocks-gallery-item\"><figure><img decoding=\"async\" src=\"https:\/\/www.enteratever.com\/2020\/wp-content\/uploads\/2021\/03\/WhatsApp-Image-2021-03-22-at-12.31.51.jpeg\" alt=\"\" data-id=\"40451\" data-full-url=\"https:\/\/www.enteratever.com\/2020\/wp-content\/uploads\/2021\/03\/WhatsApp-Image-2021-03-22-at-12.31.51.jpeg\" data-link=\"https:\/\/www.enteratever.com\/?attachment_id=40451\" class=\"wp-image-40451\"\/><\/figure><\/li><li class=\"blocks-gallery-item\"><figure><img decoding=\"async\" src=\"https:\/\/www.enteratever.com\/2020\/wp-content\/uploads\/2021\/03\/WhatsApp-Image-2021-03-22-at-12.31.52.jpeg\" alt=\"\" data-id=\"40452\" data-full-url=\"https:\/\/www.enteratever.com\/2020\/wp-content\/uploads\/2021\/03\/WhatsApp-Image-2021-03-22-at-12.31.52.jpeg\" data-link=\"https:\/\/www.enteratever.com\/?attachment_id=40452\" class=\"wp-image-40452\"\/><\/figure><\/li><li class=\"blocks-gallery-item\"><figure><img decoding=\"async\" src=\"https:\/\/www.enteratever.com\/2020\/wp-content\/uploads\/2021\/03\/WhatsApp-Image-2021-03-22-at-12.31.53.jpeg\" alt=\"\" data-id=\"40453\" data-full-url=\"https:\/\/www.enteratever.com\/2020\/wp-content\/uploads\/2021\/03\/WhatsApp-Image-2021-03-22-at-12.31.53.jpeg\" data-link=\"https:\/\/www.enteratever.com\/?attachment_id=40453\" class=\"wp-image-40453\"\/><\/figure><\/li><\/ul><\/figure>\n\n\n\n<p class=\"wp-block-paragraph\"><\/p>\n","protected":false},"excerpt":{"rendered":"<p>Visitas: 3 Poza Rica, Veracruz.- De acuerdo con Emilio Olvera Andrade Delegado Regional de Programas Sociales de Bienestar dio a conocer que aquellas persona que no se hayan registrado o que no se hubieran enterado y que quieran recibir la vacuna pueden acudir a cualquiera de los m\u00f3dulos, para que puedan ser vacunados. En entrevista [&hellip;]<\/p>\n","protected":false},"author":4,"featured_media":173462,"comment_status":"open","ping_status":"open","sticky":false,"template":"","format":"standard","meta":{"footnotes":""},"categories":[213],"tags":[],"class_list":["post-173461","post","type-post","status-publish","format-standard","has-post-thumbnail","category-poza-rica"],"nelio_content":{"isAutoShareEnabled":true,"autoShareEndMode":"never","automationSources":{"useCustomSentences":false,"customSentences":[]},"followers":[],"suggestedReferences":[],"efiUrl":"","efiAlt":"","highlights":[],"permalinkQueryArgs":[],"series":[]},"_links":{"self":[{"href":"https:\/\/www.enteratever.com\/2023\/wp-json\/wp\/v2\/posts\/173461","targetHints":{"allow":["GET"]}}],"collection":[{"href":"https:\/\/www.enteratever.com\/2023\/wp-json\/wp\/v2\/posts"}],"about":[{"href":"https:\/\/www.enteratever.com\/2023\/wp-json\/wp\/v2\/types\/post"}],"author":[{"embeddable":true,"href":"https:\/\/www.enteratever.com\/2023\/wp-json\/wp\/v2\/users\/4"}],"replies":[{"embeddable":true,"href":"https:\/\/www.enteratever.com\/2023\/wp-json\/wp\/v2\/comments?post=173461"}],"version-history":[{"count":0,"href":"https:\/\/www.enteratever.com\/2023\/wp-json\/wp\/v2\/posts\/173461\/revisions"}],"wp:featuredmedia":[{"embeddable":true,"href":"https:\/\/www.enteratever.com\/2023\/wp-json\/wp\/v2\/media\/173462"}],"wp:attachment":[{"href":"https:\/\/www.enteratever.com\/2023\/wp-json\/wp\/v2\/media?parent=173461"}],"wp:term":[{"taxonomy":"category","embeddable":true,"href":"https:\/\/www.enteratever.com\/2023\/wp-json\/wp\/v2\/categories?post=173461"},{"taxonomy":"post_tag","embeddable":true,"href":"https:\/\/www.enteratever.com\/2023\/wp-json\/wp\/v2\/tags?post=173461"}],"curies":[{"name":"wp","href":"https:\/\/api.w.org\/{rel}","templated":true}]}}