{"id":173451,"date":"2021-03-22T02:56:56","date_gmt":"2021-03-22T02:56:56","guid":{"rendered":"https:\/\/www.enteratever.com\/2023\/todo-listo-para-la-jornada-de-vacunacion-en-poza-rica\/"},"modified":"2021-03-22T02:56:56","modified_gmt":"2021-03-22T02:56:56","slug":"todo-listo-para-la-jornada-de-vacunacion-en-poza-rica","status":"publish","type":"post","link":"https:\/\/www.enteratever.com\/2023\/2021\/03\/22\/todo-listo-para-la-jornada-de-vacunacion-en-poza-rica\/","title":{"rendered":"Todo listo para la jornada de vacunaci\u00f3n en Poza Rica"},"content":{"rendered":"<p>Visitas: 3<\/p>\n<p class=\"wp-block-paragraph\"><em>Alcalde pide ser respetuosos con los tiempos para evitar aglomeraciones.<\/em><\/p>\n\n\n\n<p class=\"wp-block-paragraph\">Poza Rica, Veracruz.- El alcalde Francisco Javier Vel\u00e1zquez Vallejo, dio a conocer que ya se tiene todo preparado para dar comienzo con la jornada de vacunaci\u00f3n para personas de la tercera edad, esto para evitar enfermarse de covid-19, por lo que solicit\u00f3 que se\u00f1al\u00f3 que esto es un paso importante para prevenir un incremento en los casos.<\/p>\n\n\n\n<p class=\"wp-block-paragraph\">En entrevista el alcalde dijo que se brindaron los espacios necesarios para que se lleve la jornada de vacunaci\u00f3n en el municipio, pues si es bien sabido que desde el mes pasado se ha estado vacunando en municipio aleda\u00f1os a Poza Rica, por lo que hab\u00eda mucha inquietud por parte de la ciudadan\u00eda, pues todos quieren recibir la dosis.<\/p>\n\n\n\n<p class=\"wp-block-paragraph\">Por lo que hizo un llamado a la poblaci\u00f3n de Poza Rica para llegar a tiempo a los m\u00f3dulos en donde se les estar\u00e1 aplicando la vacuna, pues son varias las personas que recibieron su cita para este el lunes, por lo que es necesario respetar los tiempos para as\u00ed evitar aglomeraciones de personas a las afueras de las diferentes sedes y esto represente un riesgo.<\/p>\n\n\n\n<figure class=\"wp-block-image size-full\"><img decoding=\"async\" src=\"https:\/\/www.enteratever.com\/2020\/wp-content\/uploads\/2021\/03\/WhatsApp-Image-2021-03-21-at-15.17.39.jpeg\" alt=\"\" class=\"wp-image-40398\"\/><\/figure>\n\n\n\n<p class=\"wp-block-paragraph\">Se\u00f1al\u00f3 que en caso de que sus familiares cuente con alguna discapacidad o requiera de una silla de ruedas, en los diferentes puntos, por lo que solo se les pide llegar 10 minutos antes de su cita para que se les d\u00e9 se pase y puedan pasar sin problema alguno, es muy necesario el respetar las indicaciones que el sector salud y la oficina de bienestar est\u00e9n dando.<\/p>\n\n\n\n<p class=\"wp-block-paragraph\">Son varias las personas que estar\u00e1n recibiendo la vacuna en este primer d\u00eda, por lo que se est\u00e1 forma se estar\u00e1 cumpliendo con la planificaci\u00f3n de la jornada, cabe destacar que durante la semana pasada el tema del registro fue un caos, ya que el n\u00famero que pusieron a disposici\u00f3n de la ciudadan\u00eda se satur\u00f3, provocando que la ciudadan\u00eda se enojara y preocupara por qu\u00e9 no pod\u00edan registrar a sus familiares.<\/p>\n","protected":false},"excerpt":{"rendered":"<p>Visitas: 3 Alcalde pide ser respetuosos con los tiempos para evitar aglomeraciones. Poza Rica, Veracruz.- El alcalde Francisco Javier Vel\u00e1zquez Vallejo, dio a conocer que ya se tiene todo preparado para dar comienzo con la jornada de vacunaci\u00f3n para personas de la tercera edad, esto para evitar enfermarse de covid-19, por lo que solicit\u00f3 que [&hellip;]<\/p>\n","protected":false},"author":4,"featured_media":173452,"comment_status":"open","ping_status":"open","sticky":false,"template":"","format":"standard","meta":{"footnotes":""},"categories":[213],"tags":[],"class_list":["post-173451","post","type-post","status-publish","format-standard","has-post-thumbnail","category-poza-rica"],"nelio_content":{"isAutoShareEnabled":true,"autoShareEndMode":"never","automationSources":{"useCustomSentences":false,"customSentences":[]},"followers":[],"suggestedReferences":[],"efiUrl":"","efiAlt":"","highlights":[],"permalinkQueryArgs":[],"series":[]},"_links":{"self":[{"href":"https:\/\/www.enteratever.com\/2023\/wp-json\/wp\/v2\/posts\/173451","targetHints":{"allow":["GET"]}}],"collection":[{"href":"https:\/\/www.enteratever.com\/2023\/wp-json\/wp\/v2\/posts"}],"about":[{"href":"https:\/\/www.enteratever.com\/2023\/wp-json\/wp\/v2\/types\/post"}],"author":[{"embeddable":true,"href":"https:\/\/www.enteratever.com\/2023\/wp-json\/wp\/v2\/users\/4"}],"replies":[{"embeddable":true,"href":"https:\/\/www.enteratever.com\/2023\/wp-json\/wp\/v2\/comments?post=173451"}],"version-history":[{"count":0,"href":"https:\/\/www.enteratever.com\/2023\/wp-json\/wp\/v2\/posts\/173451\/revisions"}],"wp:featuredmedia":[{"embeddable":true,"href":"https:\/\/www.enteratever.com\/2023\/wp-json\/wp\/v2\/media\/173452"}],"wp:attachment":[{"href":"https:\/\/www.enteratever.com\/2023\/wp-json\/wp\/v2\/media?parent=173451"}],"wp:term":[{"taxonomy":"category","embeddable":true,"href":"https:\/\/www.enteratever.com\/2023\/wp-json\/wp\/v2\/categories?post=173451"},{"taxonomy":"post_tag","embeddable":true,"href":"https:\/\/www.enteratever.com\/2023\/wp-json\/wp\/v2\/tags?post=173451"}],"curies":[{"name":"wp","href":"https:\/\/api.w.org\/{rel}","templated":true}]}}