{"id":173445,"date":"2021-03-19T22:46:35","date_gmt":"2021-03-19T22:46:35","guid":{"rendered":"https:\/\/www.enteratever.com\/2023\/continua-las-afectaciones-en-sector-empresarial\/"},"modified":"2021-03-19T22:46:35","modified_gmt":"2021-03-19T22:46:35","slug":"continua-las-afectaciones-en-sector-empresarial","status":"publish","type":"post","link":"https:\/\/www.enteratever.com\/2023\/2021\/03\/19\/continua-las-afectaciones-en-sector-empresarial\/","title":{"rendered":"Contin\u00faa las afectaciones en sector empresarial"},"content":{"rendered":"<p>Visitas: 3<\/p>\n<p class=\"wp-block-paragraph\"><em>\u2022 Canaco busca la certificaci\u00f3n de negocios.<\/em><\/p>\n\n\n\n<p class=\"wp-block-paragraph\">Poza Rica, Veracruz.- Francisco L\u00f3pez G\u00f3mez, presidente de la C\u00e1mara Nacional de Comercio (CANACO) se\u00f1al\u00f3 que en este primer trimestre del a\u00f1o, a\u00fan se siguen viendo afectaciones en el sector empresarial, pues existen empresas como gimnasio y aquellas empresas que se dedican a la organizaci\u00f3n de eventos sociales que ya llevan un a\u00f1o sin poder trabajar como deber\u00edan.<\/p>\n\n\n\n<p class=\"wp-block-paragraph\">En entrevista dijo que se est\u00e1n buscando el poder reactivar la econom\u00eda de la ciudad por lo que se present\u00f3 el proyecto al alcalde Francisco Javier Vel\u00e1zquez Vallejo de poder certificar a los establecimientos que si cumplan con los protocolos sanitarios y se respete su dedicaci\u00f3n independiente del sem\u00e1foro en el que se encuentre la ciudad.<\/p>\n\n\n\n<p class=\"wp-block-paragraph\">Esto se hace a fin de poder beneficiar a los comercios que si cumplen con las medidas sanitarias contra el coronavirus, pues desde el a\u00f1o pasado se les otorg\u00f3 la capacitaci\u00f3n para que pudieran trabajar, por lo que es necesario que las poblaci\u00f3n se de cuente de la importancia de apoyar a qu\u00e9 las empresas puedan trabajar.<\/p>\n\n\n\n<p class=\"wp-block-paragraph\">Se busca que en el caso de hoteles y restaurantes su aforo sea del 50 por ciento pesar de que el sem\u00e1foro epidemiol\u00f3gico sea color rojo, pues el personas cuenta con las facultades de brindar seguridad y tranquilidad a las familias que acuden a consumir, adem\u00e1s de que quieren que se relajen las medidas sanitarias para los comercios.<\/p>\n\n\n\n<p class=\"wp-block-paragraph\">La propuesta ya fue presentado ante las autoridades municipales, por lo que hasta el momento se encuentran en di\u00e1logo, pues entienden que es un tema complicado, pero los empresarios no est\u00e1n pidiendo que las restricciones sean retiradas, solo buscan que no sean tan estrictas, pues esto es lo que ha causado que cientos de comercios hayan tenido que cerrar.<\/p>\n","protected":false},"excerpt":{"rendered":"<p>Visitas: 3 \u2022 Canaco busca la certificaci\u00f3n de negocios. Poza Rica, Veracruz.- Francisco L\u00f3pez G\u00f3mez, presidente de la C\u00e1mara Nacional de Comercio (CANACO) se\u00f1al\u00f3 que en este primer trimestre del a\u00f1o, a\u00fan se siguen viendo afectaciones en el sector empresarial, pues existen empresas como gimnasio y aquellas empresas que se dedican a la organizaci\u00f3n de [&hellip;]<\/p>\n","protected":false},"author":4,"featured_media":173446,"comment_status":"open","ping_status":"open","sticky":false,"template":"","format":"standard","meta":{"footnotes":""},"categories":[213],"tags":[],"class_list":["post-173445","post","type-post","status-publish","format-standard","has-post-thumbnail","category-poza-rica"],"nelio_content":{"isAutoShareEnabled":true,"autoShareEndMode":"never","automationSources":{"useCustomSentences":false,"customSentences":[]},"followers":[],"suggestedReferences":[],"efiUrl":"","efiAlt":"","highlights":[],"permalinkQueryArgs":[],"series":[]},"_links":{"self":[{"href":"https:\/\/www.enteratever.com\/2023\/wp-json\/wp\/v2\/posts\/173445","targetHints":{"allow":["GET"]}}],"collection":[{"href":"https:\/\/www.enteratever.com\/2023\/wp-json\/wp\/v2\/posts"}],"about":[{"href":"https:\/\/www.enteratever.com\/2023\/wp-json\/wp\/v2\/types\/post"}],"author":[{"embeddable":true,"href":"https:\/\/www.enteratever.com\/2023\/wp-json\/wp\/v2\/users\/4"}],"replies":[{"embeddable":true,"href":"https:\/\/www.enteratever.com\/2023\/wp-json\/wp\/v2\/comments?post=173445"}],"version-history":[{"count":0,"href":"https:\/\/www.enteratever.com\/2023\/wp-json\/wp\/v2\/posts\/173445\/revisions"}],"wp:featuredmedia":[{"embeddable":true,"href":"https:\/\/www.enteratever.com\/2023\/wp-json\/wp\/v2\/media\/173446"}],"wp:attachment":[{"href":"https:\/\/www.enteratever.com\/2023\/wp-json\/wp\/v2\/media?parent=173445"}],"wp:term":[{"taxonomy":"category","embeddable":true,"href":"https:\/\/www.enteratever.com\/2023\/wp-json\/wp\/v2\/categories?post=173445"},{"taxonomy":"post_tag","embeddable":true,"href":"https:\/\/www.enteratever.com\/2023\/wp-json\/wp\/v2\/tags?post=173445"}],"curies":[{"name":"wp","href":"https:\/\/api.w.org\/{rel}","templated":true}]}}