{"id":173441,"date":"2021-03-18T23:16:17","date_gmt":"2021-03-18T23:16:17","guid":{"rendered":"https:\/\/www.enteratever.com\/2023\/se-generan-las-filas-para-registrarse-para-recibir-la-vacuna-anti-covid\/"},"modified":"2021-03-18T23:16:17","modified_gmt":"2021-03-18T23:16:17","slug":"se-generan-las-filas-para-registrarse-para-recibir-la-vacuna-anti-covid","status":"publish","type":"post","link":"https:\/\/www.enteratever.com\/2023\/2021\/03\/18\/se-generan-las-filas-para-registrarse-para-recibir-la-vacuna-anti-covid\/","title":{"rendered":"Se generan las filas para registrarse para recibir la vacuna anti Covid"},"content":{"rendered":"<p>Visitas: 5<\/p>\n<p class=\"wp-block-paragraph\">Poza Rica, Veracruz.- Luego de darse a conocer los n\u00fameros para que la ciudadan\u00eda pueda registrar a sus familiares para que reciban la vacuna anti covid, la l\u00ednea telef\u00f3nica que dieron a conocer presentaron fallas debido a la gran cantidad de personas que utilizaron la l\u00ednea, por lo que las personas acudieron a las oficinas de Bienestar para comenzar con el registro.<\/p>\n\n\n\n<p class=\"wp-block-paragraph\">Por lo que tuvieron que cerrar las puertas ya que se estaban generando aglomeraciones de personas a las afueras, por lo que se habl\u00f3 con la poblaci\u00f3n para darles a conocer al n\u00famero al que deben de llamar para as\u00ed darles una fecha, hora y lugar a d\u00f3nde se estar\u00e1n aplicando las vacunas a partir del pr\u00f3ximo lunes.<\/p>\n\n\n\n<p class=\"wp-block-paragraph\">Algunos de los ciudadanos mostraron su inconformidad ya que se\u00f1alan que al n\u00famero donde se les est\u00e1 dando para que registren a sus familiares, no est\u00e1 en servicio por lo que algunos estuvieron a las afueras de las oficinas para que se les pueda dar la atenci\u00f3n, pues al igual que todos est\u00e1n desesperados por apuntar a sus familiares.<\/p>\n\n\n\n<p class=\"wp-block-paragraph\">Cabe destacar que se instalaron diferentes puntos de registro los cuales se present\u00f3 el mismo problema, pero en estos no se present\u00f3 este problema, por lo que se\u00f1alaron que estar\u00e1n brindando una mejor atenci\u00f3n, pues el objetivo de esto es el poder brindar una atenci\u00f3n de calidad.<\/p>\n\n\n\n<p class=\"wp-block-paragraph\">Es importante se\u00f1alar que la tarde noche de el d\u00eda de ayer 17 de marzo se dieron a conocer a qu\u00e9 n\u00famero pueden realizar sus llamadas para que la ciudadan\u00eda pudiera registrar a los adultos mayores de 60 a\u00f1os y as\u00ed poder ser de los primeros en recibir la dosis.<\/p>\n\n\n\n<figure class=\"wp-block-gallery columns-1 wp-block-gallery-1 is-layout-flex wp-block-gallery-is-layout-flex\"><ul class=\"blocks-gallery-grid\"><li class=\"blocks-gallery-item\"><figure><img decoding=\"async\" src=\"https:\/\/www.enteratever.com\/2020\/wp-content\/uploads\/2021\/03\/WhatsApp-Image-2021-03-18-at-16.53.54.jpeg\" alt=\"\" data-id=\"40257\" data-full-url=\"https:\/\/www.enteratever.com\/2020\/wp-content\/uploads\/2021\/03\/WhatsApp-Image-2021-03-18-at-16.53.54.jpeg\" data-link=\"https:\/\/www.enteratever.com\/?attachment_id=40257\" class=\"wp-image-40257\"\/><\/figure><\/li><li class=\"blocks-gallery-item\"><figure><img decoding=\"async\" src=\"https:\/\/www.enteratever.com\/2020\/wp-content\/uploads\/2021\/03\/WhatsApp-Image-2021-03-18-at-16.53.55.jpeg\" alt=\"\" data-id=\"40258\" data-full-url=\"https:\/\/www.enteratever.com\/2020\/wp-content\/uploads\/2021\/03\/WhatsApp-Image-2021-03-18-at-16.53.55.jpeg\" data-link=\"https:\/\/www.enteratever.com\/?attachment_id=40258\" class=\"wp-image-40258\"\/><\/figure><\/li><li class=\"blocks-gallery-item\"><figure><img decoding=\"async\" src=\"https:\/\/www.enteratever.com\/2020\/wp-content\/uploads\/2021\/03\/WhatsApp-Image-2021-03-18-at-16.54.21.jpeg\" alt=\"\" data-id=\"40259\" data-full-url=\"https:\/\/www.enteratever.com\/2020\/wp-content\/uploads\/2021\/03\/WhatsApp-Image-2021-03-18-at-16.54.21.jpeg\" data-link=\"https:\/\/www.enteratever.com\/?attachment_id=40259\" class=\"wp-image-40259\"\/><\/figure><\/li><\/ul><\/figure>\n","protected":false},"excerpt":{"rendered":"<p>Visitas: 5 Poza Rica, Veracruz.- Luego de darse a conocer los n\u00fameros para que la ciudadan\u00eda pueda registrar a sus familiares para que reciban la vacuna anti covid, la l\u00ednea telef\u00f3nica que dieron a conocer presentaron fallas debido a la gran cantidad de personas que utilizaron la l\u00ednea, por lo que las personas acudieron a [&hellip;]<\/p>\n","protected":false},"author":4,"featured_media":173442,"comment_status":"open","ping_status":"open","sticky":false,"template":"","format":"standard","meta":{"footnotes":""},"categories":[213],"tags":[],"class_list":["post-173441","post","type-post","status-publish","format-standard","has-post-thumbnail","category-poza-rica"],"nelio_content":{"isAutoShareEnabled":true,"autoShareEndMode":"never","automationSources":{"useCustomSentences":false,"customSentences":[]},"followers":[],"suggestedReferences":[],"efiUrl":"","efiAlt":"","highlights":[],"permalinkQueryArgs":[],"series":[]},"_links":{"self":[{"href":"https:\/\/www.enteratever.com\/2023\/wp-json\/wp\/v2\/posts\/173441","targetHints":{"allow":["GET"]}}],"collection":[{"href":"https:\/\/www.enteratever.com\/2023\/wp-json\/wp\/v2\/posts"}],"about":[{"href":"https:\/\/www.enteratever.com\/2023\/wp-json\/wp\/v2\/types\/post"}],"author":[{"embeddable":true,"href":"https:\/\/www.enteratever.com\/2023\/wp-json\/wp\/v2\/users\/4"}],"replies":[{"embeddable":true,"href":"https:\/\/www.enteratever.com\/2023\/wp-json\/wp\/v2\/comments?post=173441"}],"version-history":[{"count":0,"href":"https:\/\/www.enteratever.com\/2023\/wp-json\/wp\/v2\/posts\/173441\/revisions"}],"wp:featuredmedia":[{"embeddable":true,"href":"https:\/\/www.enteratever.com\/2023\/wp-json\/wp\/v2\/media\/173442"}],"wp:attachment":[{"href":"https:\/\/www.enteratever.com\/2023\/wp-json\/wp\/v2\/media?parent=173441"}],"wp:term":[{"taxonomy":"category","embeddable":true,"href":"https:\/\/www.enteratever.com\/2023\/wp-json\/wp\/v2\/categories?post=173441"},{"taxonomy":"post_tag","embeddable":true,"href":"https:\/\/www.enteratever.com\/2023\/wp-json\/wp\/v2\/tags?post=173441"}],"curies":[{"name":"wp","href":"https:\/\/api.w.org\/{rel}","templated":true}]}}