{"id":173439,"date":"2021-03-18T21:22:18","date_gmt":"2021-03-18T21:22:18","guid":{"rendered":"https:\/\/www.enteratever.com\/2023\/sigue-la-convocatoria-abierta-en-el-partido-cardenista-para-buscar-representante-para-la-alcaldia\/"},"modified":"2021-03-18T21:22:18","modified_gmt":"2021-03-18T21:22:18","slug":"sigue-la-convocatoria-abierta-en-el-partido-cardenista-para-buscar-representante-para-la-alcaldia","status":"publish","type":"post","link":"https:\/\/www.enteratever.com\/2023\/2021\/03\/18\/sigue-la-convocatoria-abierta-en-el-partido-cardenista-para-buscar-representante-para-la-alcaldia\/","title":{"rendered":"Sigue la convocatoria abierta en el Partido Cardenista para buscar representante para la alcald\u00eda"},"content":{"rendered":"<p>Visitas: 3<\/p>\n<p class=\"wp-block-paragraph\"><em>\u2022 Fernando Trejo no es candidato por el Partido Cardenista.<\/em><\/p>\n\n\n\n<p class=\"wp-block-paragraph\">Poza Rica, Veracruz.- Los actos de prepotencia por parte de Fernando Trejo Dom\u00ednguez lo que ha provocado una gran divisi\u00f3n entre los militantes del partido, pues esto qued\u00f3 en evidencia durante el evento que los integrantes del partido realizaron para conmemorar el 83 aniversario de la Expropiaci\u00f3n Petrolera.<\/p>\n\n\n\n<p class=\"wp-block-paragraph\">Al termino del evento la representante estatal del partido, Araceli Flores D\u00edaz, asever\u00f3 que la dirigencia municipal no tiene facultades para la expulsi\u00f3n de militantes del organismo pol\u00edtico, una acci\u00f3n que en recientes d\u00edas realiz\u00f3 de manera arbitraria el actual presidente del partido, Fernando Trejo Dom\u00ednguez.<\/p>\n\n\n\n<p class=\"wp-block-paragraph\">Fueron los mismos representantes del partido afirmaron que Fernando Trejo no es precandidato o candidato del partido, por lo que el \u201cchapulin\u201d se qued\u00f3 sin el hueso que tanto ha estado buscando y que ni el PRI ni el PT le dieron la oportunidad de figurar por qu\u00e9 sus ideales no coinciden con los que Trejo, por lo que lanzaron una invitaci\u00f3n a los ciudadanos o militantes que quieran apuntarse como posibles aspirantes, ya que el partido cuenta con una candidatura vac\u00eda.<\/p>\n\n\n\n<p class=\"wp-block-paragraph\">Al ser cuestionados sobre la forma en las que corrieron a tres personas del proyecto por lo que Flores D\u00edaz dijo desconocer del tema, por lo que se\u00f1al\u00f3 que ellos no tiene el poder de correr a nadie, por lo que fue el mismo afectado Miguel Cobos qui\u00e9n mostr\u00f3 una conversaci\u00f3n que tuvo con Fernando Trejo donde se le hizo de su conocimiento el retiro del apoyo hacia sus aspiraciones pol\u00edticas, m\u00e1s no del partido.<\/p>\n\n\n\n<p class=\"wp-block-paragraph\">En medio de una serie de se\u00f1alamientos entre ambos personajes, trascendi\u00f3 que Trejo Dom\u00ednguez no cuenta con facultades de expulsar a ning\u00fan militante, incluso la representante estatal del partido, por lo que qued\u00f3 claro que el partido no quiere que lo represente alguien que solo busque su bendici\u00f3n, pues trascendi\u00f3 que el chapul\u00edn mayor en su planilla puso a su esposa en la regidur\u00eda primera y la do a traer a su sobrino de Monterrey para ponerlo en la regidur\u00eda segunda.<\/p>\n\n\n\n<p class=\"wp-block-paragraph\">Por lo que se puede ver qu\u00e9 respetado doctor Fernando Trejo lo \u00fanico que busca es aprovecharse del pueblo para poderse seguir dando la vida que lleva a costillas de la poblaci\u00f3n, pero su sue\u00f1o frustrado de representar al partido se vio apagado cuando sus mismos compa\u00f1eros de partido le dieron la espalda.<\/p>\n\n\n\n<figure class=\"wp-block-gallery columns-1 wp-block-gallery-1 is-layout-flex wp-block-gallery-is-layout-flex\"><ul class=\"blocks-gallery-grid\"><li class=\"blocks-gallery-item\"><figure><img decoding=\"async\" src=\"https:\/\/www.enteratever.com\/2020\/wp-content\/uploads\/2021\/03\/WhatsApp-Image-2021-03-18-at-15.01.02.jpeg\" alt=\"\" data-id=\"40244\" data-full-url=\"https:\/\/www.enteratever.com\/2020\/wp-content\/uploads\/2021\/03\/WhatsApp-Image-2021-03-18-at-15.01.02.jpeg\" data-link=\"https:\/\/www.enteratever.com\/?attachment_id=40244\" class=\"wp-image-40244\"\/><\/figure><\/li><li class=\"blocks-gallery-item\"><figure><img decoding=\"async\" src=\"https:\/\/www.enteratever.com\/2020\/wp-content\/uploads\/2021\/03\/WhatsApp-Image-2021-03-18-at-15.01.03.jpeg\" alt=\"\" data-id=\"40245\" data-full-url=\"https:\/\/www.enteratever.com\/2020\/wp-content\/uploads\/2021\/03\/WhatsApp-Image-2021-03-18-at-15.01.03.jpeg\" data-link=\"https:\/\/www.enteratever.com\/?attachment_id=40245\" class=\"wp-image-40245\"\/><\/figure><\/li><li class=\"blocks-gallery-item\"><figure><img decoding=\"async\" src=\"https:\/\/www.enteratever.com\/2020\/wp-content\/uploads\/2021\/03\/WhatsApp-Image-2021-03-18-at-15.01.04.jpeg\" alt=\"\" data-id=\"40246\" data-full-url=\"https:\/\/www.enteratever.com\/2020\/wp-content\/uploads\/2021\/03\/WhatsApp-Image-2021-03-18-at-15.01.04.jpeg\" data-link=\"https:\/\/www.enteratever.com\/?attachment_id=40246\" class=\"wp-image-40246\"\/><\/figure><\/li><li class=\"blocks-gallery-item\"><figure><img decoding=\"async\" src=\"https:\/\/www.enteratever.com\/2020\/wp-content\/uploads\/2021\/03\/WhatsApp-Image-2021-03-18-at-15.01.05.jpeg\" alt=\"\" data-id=\"40247\" data-full-url=\"https:\/\/www.enteratever.com\/2020\/wp-content\/uploads\/2021\/03\/WhatsApp-Image-2021-03-18-at-15.01.05.jpeg\" data-link=\"https:\/\/www.enteratever.com\/?attachment_id=40247\" class=\"wp-image-40247\"\/><\/figure><\/li><li class=\"blocks-gallery-item\"><figure><img decoding=\"async\" src=\"https:\/\/www.enteratever.com\/2020\/wp-content\/uploads\/2021\/03\/WhatsApp-Image-2021-03-18-at-15.01.06.jpeg\" alt=\"\" data-id=\"40248\" data-full-url=\"https:\/\/www.enteratever.com\/2020\/wp-content\/uploads\/2021\/03\/WhatsApp-Image-2021-03-18-at-15.01.06.jpeg\" data-link=\"https:\/\/www.enteratever.com\/?attachment_id=40248\" class=\"wp-image-40248\"\/><\/figure><\/li><\/ul><\/figure>\n","protected":false},"excerpt":{"rendered":"<p>Visitas: 3 \u2022 Fernando Trejo no es candidato por el Partido Cardenista. Poza Rica, Veracruz.- Los actos de prepotencia por parte de Fernando Trejo Dom\u00ednguez lo que ha provocado una gran divisi\u00f3n entre los militantes del partido, pues esto qued\u00f3 en evidencia durante el evento que los integrantes del partido realizaron para conmemorar el 83 [&hellip;]<\/p>\n","protected":false},"author":4,"featured_media":173440,"comment_status":"open","ping_status":"open","sticky":false,"template":"","format":"standard","meta":{"footnotes":""},"categories":[213],"tags":[],"class_list":["post-173439","post","type-post","status-publish","format-standard","has-post-thumbnail","category-poza-rica"],"nelio_content":{"isAutoShareEnabled":true,"autoShareEndMode":"never","automationSources":{"useCustomSentences":false,"customSentences":[]},"followers":[],"suggestedReferences":[],"efiUrl":"","efiAlt":"","highlights":[],"permalinkQueryArgs":[],"series":[]},"_links":{"self":[{"href":"https:\/\/www.enteratever.com\/2023\/wp-json\/wp\/v2\/posts\/173439","targetHints":{"allow":["GET"]}}],"collection":[{"href":"https:\/\/www.enteratever.com\/2023\/wp-json\/wp\/v2\/posts"}],"about":[{"href":"https:\/\/www.enteratever.com\/2023\/wp-json\/wp\/v2\/types\/post"}],"author":[{"embeddable":true,"href":"https:\/\/www.enteratever.com\/2023\/wp-json\/wp\/v2\/users\/4"}],"replies":[{"embeddable":true,"href":"https:\/\/www.enteratever.com\/2023\/wp-json\/wp\/v2\/comments?post=173439"}],"version-history":[{"count":0,"href":"https:\/\/www.enteratever.com\/2023\/wp-json\/wp\/v2\/posts\/173439\/revisions"}],"wp:featuredmedia":[{"embeddable":true,"href":"https:\/\/www.enteratever.com\/2023\/wp-json\/wp\/v2\/media\/173440"}],"wp:attachment":[{"href":"https:\/\/www.enteratever.com\/2023\/wp-json\/wp\/v2\/media?parent=173439"}],"wp:term":[{"taxonomy":"category","embeddable":true,"href":"https:\/\/www.enteratever.com\/2023\/wp-json\/wp\/v2\/categories?post=173439"},{"taxonomy":"post_tag","embeddable":true,"href":"https:\/\/www.enteratever.com\/2023\/wp-json\/wp\/v2\/tags?post=173439"}],"curies":[{"name":"wp","href":"https:\/\/api.w.org\/{rel}","templated":true}]}}