{"id":173437,"date":"2021-03-18T21:11:49","date_gmt":"2021-03-18T21:11:49","guid":{"rendered":"https:\/\/www.enteratever.com\/2023\/trabajadores-petroleos-de-poza-rica-realizan-caravana\/"},"modified":"2021-03-18T21:11:49","modified_gmt":"2021-03-18T21:11:49","slug":"trabajadores-petroleos-de-poza-rica-realizan-caravana","status":"publish","type":"post","link":"https:\/\/www.enteratever.com\/2023\/2021\/03\/18\/trabajadores-petroleos-de-poza-rica-realizan-caravana\/","title":{"rendered":"Trabajadores petroleros de Poza Rica realizan caravana"},"content":{"rendered":"<p>Visitas: 5<\/p>\n<p class=\"wp-block-paragraph\"><em>\u2022 Alzan la voz ante los deficiencias con las que cuenta la dependencia.<\/em><\/p>\n\n\n\n<p class=\"wp-block-paragraph\">Poza Rica, Veracruz.- Como parte de la conmemoraci\u00f3n del 83 aniversario de la Expropiaci\u00f3n Petrolera trabajadores de Petr\u00f3leos Mexicanos (Pemex) realizaron una caravana para exponer y alzar la voz ante los constantes problemas y las deficiencias que se han estado presentando dentro de la empresa petrolera, en donde los m\u00e1s afectados son sus trabajadores.<\/p>\n\n\n\n<p class=\"wp-block-paragraph\">Este movimiento de estuvieron saliendo desde cuatro diferentes puntos de la ciudad los cuales m\u00e1s de mil 500 trabajadores estuvieron participando en este movimiento para reclamar las decisiones administrativas que han generado desde escasez de herramientas de trabajo hasta falta de contratos y poniendo en riesgo la integridad de los trabajadores.<\/p>\n\n\n\n<p class=\"wp-block-paragraph\">De acuerdo con Jos\u00e9 Juan Soni Solis, secretario general de la secci\u00f3n 30 del STPRM, dijo que es necesario que los altos mandos volteen a ver la regi\u00f3n, la cual cuenta con una infraestructura impresionante que se le puede dar el uso se reactive el trabajo, pues Poza Rica es una de las ciudades m\u00e1s importantes hablando de la cuesti\u00f3n petrolera.<\/p>\n\n\n\n<p class=\"wp-block-paragraph\">Por su parte el del presidente del FRUS, Sergio Lorenzo Quiroz Cruz que destac\u00f3 es necesario que la administraci\u00f3n de Pemex deje de utilizar el argumento de la m\u00e1s entendida austeridad que mantiene en una dif\u00edcil situaci\u00f3n a su recurso humano.<\/p>\n\n\n\n<p class=\"wp-block-paragraph\">Ambos subrayaron que el sindicato no es enemigo de Pemex y por el contrario han sido aliados en generar una empresa productiva y con beneficios para todo el pa\u00eds, por lo que estar\u00e1n luchando para que se respete sus derechos como trabajadores y como humanos.<\/p>\n\n\n\n<figure class=\"wp-block-gallery columns-1 wp-block-gallery-1 is-layout-flex wp-block-gallery-is-layout-flex\"><ul class=\"blocks-gallery-grid\"><li class=\"blocks-gallery-item\"><figure><img decoding=\"async\" src=\"https:\/\/www.enteratever.com\/2020\/wp-content\/uploads\/2021\/03\/WhatsApp-Image-2021-03-18-at-14.27.05.jpeg\" alt=\"\" data-id=\"40235\" data-full-url=\"https:\/\/www.enteratever.com\/2020\/wp-content\/uploads\/2021\/03\/WhatsApp-Image-2021-03-18-at-14.27.05.jpeg\" data-link=\"https:\/\/www.enteratever.com\/?attachment_id=40235\" class=\"wp-image-40235\"\/><\/figure><\/li><li class=\"blocks-gallery-item\"><figure><img decoding=\"async\" src=\"https:\/\/www.enteratever.com\/2020\/wp-content\/uploads\/2021\/03\/WhatsApp-Image-2021-03-18-at-14.29.03.jpeg\" alt=\"\" data-id=\"40236\" data-full-url=\"https:\/\/www.enteratever.com\/2020\/wp-content\/uploads\/2021\/03\/WhatsApp-Image-2021-03-18-at-14.29.03.jpeg\" data-link=\"https:\/\/www.enteratever.com\/?attachment_id=40236\" class=\"wp-image-40236\"\/><\/figure><\/li><li class=\"blocks-gallery-item\"><figure><img decoding=\"async\" src=\"https:\/\/www.enteratever.com\/2020\/wp-content\/uploads\/2021\/03\/WhatsApp-Image-2021-03-18-at-14.29.04.jpeg\" alt=\"\" data-id=\"40237\" data-full-url=\"https:\/\/www.enteratever.com\/2020\/wp-content\/uploads\/2021\/03\/WhatsApp-Image-2021-03-18-at-14.29.04.jpeg\" data-link=\"https:\/\/www.enteratever.com\/?attachment_id=40237\" class=\"wp-image-40237\"\/><\/figure><\/li><li class=\"blocks-gallery-item\"><figure><img decoding=\"async\" src=\"https:\/\/www.enteratever.com\/2020\/wp-content\/uploads\/2021\/03\/WhatsApp-Image-2021-03-18-at-14.29.05.jpeg\" alt=\"\" data-id=\"40238\" data-full-url=\"https:\/\/www.enteratever.com\/2020\/wp-content\/uploads\/2021\/03\/WhatsApp-Image-2021-03-18-at-14.29.05.jpeg\" data-link=\"https:\/\/www.enteratever.com\/?attachment_id=40238\" class=\"wp-image-40238\"\/><\/figure><\/li><li class=\"blocks-gallery-item\"><figure><img decoding=\"async\" src=\"https:\/\/www.enteratever.com\/2020\/wp-content\/uploads\/2021\/03\/WhatsApp-Image-2021-03-18-at-14.29.06.jpeg\" alt=\"\" data-id=\"40239\" data-full-url=\"https:\/\/www.enteratever.com\/2020\/wp-content\/uploads\/2021\/03\/WhatsApp-Image-2021-03-18-at-14.29.06.jpeg\" data-link=\"https:\/\/www.enteratever.com\/?attachment_id=40239\" class=\"wp-image-40239\"\/><\/figure><\/li><li class=\"blocks-gallery-item\"><figure><img decoding=\"async\" src=\"https:\/\/www.enteratever.com\/2020\/wp-content\/uploads\/2021\/03\/WhatsApp-Image-2021-03-18-at-14.29.07.jpeg\" alt=\"\" data-id=\"40240\" data-full-url=\"https:\/\/www.enteratever.com\/2020\/wp-content\/uploads\/2021\/03\/WhatsApp-Image-2021-03-18-at-14.29.07.jpeg\" data-link=\"https:\/\/www.enteratever.com\/?attachment_id=40240\" class=\"wp-image-40240\"\/><\/figure><\/li><li class=\"blocks-gallery-item\"><figure><img decoding=\"async\" src=\"https:\/\/www.enteratever.com\/2020\/wp-content\/uploads\/2021\/03\/WhatsApp-Image-2021-03-18-at-14.29.08.jpeg\" alt=\"\" data-id=\"40241\" data-full-url=\"https:\/\/www.enteratever.com\/2020\/wp-content\/uploads\/2021\/03\/WhatsApp-Image-2021-03-18-at-14.29.08.jpeg\" data-link=\"https:\/\/www.enteratever.com\/?attachment_id=40241\" class=\"wp-image-40241\"\/><\/figure><\/li><\/ul><\/figure>\n","protected":false},"excerpt":{"rendered":"<p>Visitas: 5 \u2022 Alzan la voz ante los deficiencias con las que cuenta la dependencia. Poza Rica, Veracruz.- Como parte de la conmemoraci\u00f3n del 83 aniversario de la Expropiaci\u00f3n Petrolera trabajadores de Petr\u00f3leos Mexicanos (Pemex) realizaron una caravana para exponer y alzar la voz ante los constantes problemas y las deficiencias que se han estado [&hellip;]<\/p>\n","protected":false},"author":4,"featured_media":173438,"comment_status":"open","ping_status":"open","sticky":false,"template":"","format":"standard","meta":{"footnotes":""},"categories":[213],"tags":[],"class_list":["post-173437","post","type-post","status-publish","format-standard","has-post-thumbnail","category-poza-rica"],"nelio_content":{"isAutoShareEnabled":true,"autoShareEndMode":"never","automationSources":{"useCustomSentences":false,"customSentences":[]},"followers":[],"suggestedReferences":[],"efiUrl":"","efiAlt":"","highlights":[],"permalinkQueryArgs":[],"series":[]},"_links":{"self":[{"href":"https:\/\/www.enteratever.com\/2023\/wp-json\/wp\/v2\/posts\/173437","targetHints":{"allow":["GET"]}}],"collection":[{"href":"https:\/\/www.enteratever.com\/2023\/wp-json\/wp\/v2\/posts"}],"about":[{"href":"https:\/\/www.enteratever.com\/2023\/wp-json\/wp\/v2\/types\/post"}],"author":[{"embeddable":true,"href":"https:\/\/www.enteratever.com\/2023\/wp-json\/wp\/v2\/users\/4"}],"replies":[{"embeddable":true,"href":"https:\/\/www.enteratever.com\/2023\/wp-json\/wp\/v2\/comments?post=173437"}],"version-history":[{"count":0,"href":"https:\/\/www.enteratever.com\/2023\/wp-json\/wp\/v2\/posts\/173437\/revisions"}],"wp:featuredmedia":[{"embeddable":true,"href":"https:\/\/www.enteratever.com\/2023\/wp-json\/wp\/v2\/media\/173438"}],"wp:attachment":[{"href":"https:\/\/www.enteratever.com\/2023\/wp-json\/wp\/v2\/media?parent=173437"}],"wp:term":[{"taxonomy":"category","embeddable":true,"href":"https:\/\/www.enteratever.com\/2023\/wp-json\/wp\/v2\/categories?post=173437"},{"taxonomy":"post_tag","embeddable":true,"href":"https:\/\/www.enteratever.com\/2023\/wp-json\/wp\/v2\/tags?post=173437"}],"curies":[{"name":"wp","href":"https:\/\/api.w.org\/{rel}","templated":true}]}}