{"id":173435,"date":"2021-03-18T04:42:17","date_gmt":"2021-03-18T04:42:17","guid":{"rendered":"https:\/\/www.enteratever.com\/2023\/a-partir-del-proximo-lunes-inicia-la-jornada-de-vacunacion-en-poza-rica\/"},"modified":"2021-03-18T04:42:17","modified_gmt":"2021-03-18T04:42:17","slug":"a-partir-del-proximo-lunes-inicia-la-jornada-de-vacunacion-en-poza-rica","status":"publish","type":"post","link":"https:\/\/www.enteratever.com\/2023\/2021\/03\/18\/a-partir-del-proximo-lunes-inicia-la-jornada-de-vacunacion-en-poza-rica\/","title":{"rendered":"A partir del pr\u00f3ximo lunes inicia la jornada de vacunaci\u00f3n en Poza Rica"},"content":{"rendered":"<p>Visitas: 6<\/p>\n<p class=\"wp-block-paragraph\"><\/p>\n\n\n\n<p class=\"wp-block-paragraph\"><\/p>\n\n\n\n<p class=\"wp-block-paragraph\">De acuerdo con Emilio Olvera Andrade, delegado regional de Programas Sociales de Bienestar, dio a conocer que se tom\u00f3 la determinaci\u00f3n de comenzar con la vacunaci\u00f3n de personas adultas mayores de 60 a\u00f1os, a partir del pr\u00f3ximo lunes 22 de marzo, por lo que es necesario que las familias registren q sus familiares al n\u00famero 7827770080, en un horario de 9:00 a 22:00 horas.<\/p>\n\n\n\n<p class=\"wp-block-paragraph\">En entrevista el delegado regional coment\u00f3 que esto se hace para poder asignar un lugar y horario para as\u00ed evitar aglomeraciones de personas en los puntos de vacunaci\u00f3n como se han presentado en algunas partes de la rep\u00fablica, por lo que se est\u00e1 aplicando un sistema de citas lo que permitir\u00e1 atender a las personas, por lo que estar\u00edan llegando simplemente a aplicarse la vacuna.<\/p>\n\n\n\n<p class=\"wp-block-paragraph\">Por lo que a partir del lunes se iniciara en orden alfab\u00e9tico, por lo que aquellas personas que su apellido inicie con la letra \u201cA\u201d hasta la letra \u201cE\u201d el martes \u201cF\u201d a la \u201cJ\u201d el mi\u00e9rcoles de la \u201cK\u201d a la \u201cO\u201d, el jueves de la \u201cP\u201d a la \u201cT\u201d y viernes de la letra \u201cU\u201d a la \u201cZ\u201d, por lo que una vez que se les asigne un d\u00eda y hora deben de acudir.<\/p>\n\n\n\n<p class=\"wp-block-paragraph\">Se\u00f1al\u00f3 que muchas de las personas se registraron en la p\u00e1gina mivacuna.gob, pero lamentablemente no se les pudo asignar un lugar y una hora precisa, por lo que est\u00e1n implementando este sistema de citas a nivel regional, para as\u00ed poder evitar las aglomeraciones de personas y as\u00ed no tendr\u00e1n que espera bajo las inclemencias del tiempo.<\/p>\n\n\n\n<p class=\"wp-block-paragraph\">Garantiz\u00f3 la vacuna para todos los adultos mayores, as\u00ed tambi\u00e9n se\u00f1al\u00f3 que una vez de terminar con la vacunaci\u00f3n estar\u00e1n realizando un operativo rezago para que una persona no se registr\u00f3 o no se encontraba en la ciudad para tenerlas en cuenta para la siguiente jornada de vacunas, se\u00f1al\u00f3 que se est\u00e1n trabajando con varias instituciones para brindar una buena atenci\u00f3n a la ciudadan\u00eda.<\/p>\n","protected":false},"excerpt":{"rendered":"<p>Visitas: 6 De acuerdo con Emilio Olvera Andrade, delegado regional de Programas Sociales de Bienestar, dio a conocer que se tom\u00f3 la determinaci\u00f3n de comenzar con la vacunaci\u00f3n de personas adultas mayores de 60 a\u00f1os, a partir del pr\u00f3ximo lunes 22 de marzo, por lo que es necesario que las familias registren q sus familiares [&hellip;]<\/p>\n","protected":false},"author":4,"featured_media":173436,"comment_status":"open","ping_status":"open","sticky":false,"template":"","format":"standard","meta":{"footnotes":""},"categories":[213],"tags":[],"class_list":["post-173435","post","type-post","status-publish","format-standard","has-post-thumbnail","category-poza-rica"],"nelio_content":{"isAutoShareEnabled":true,"autoShareEndMode":"never","automationSources":{"useCustomSentences":false,"customSentences":[]},"followers":[],"suggestedReferences":[],"efiUrl":"","efiAlt":"","highlights":[],"permalinkQueryArgs":[],"series":[]},"_links":{"self":[{"href":"https:\/\/www.enteratever.com\/2023\/wp-json\/wp\/v2\/posts\/173435","targetHints":{"allow":["GET"]}}],"collection":[{"href":"https:\/\/www.enteratever.com\/2023\/wp-json\/wp\/v2\/posts"}],"about":[{"href":"https:\/\/www.enteratever.com\/2023\/wp-json\/wp\/v2\/types\/post"}],"author":[{"embeddable":true,"href":"https:\/\/www.enteratever.com\/2023\/wp-json\/wp\/v2\/users\/4"}],"replies":[{"embeddable":true,"href":"https:\/\/www.enteratever.com\/2023\/wp-json\/wp\/v2\/comments?post=173435"}],"version-history":[{"count":0,"href":"https:\/\/www.enteratever.com\/2023\/wp-json\/wp\/v2\/posts\/173435\/revisions"}],"wp:featuredmedia":[{"embeddable":true,"href":"https:\/\/www.enteratever.com\/2023\/wp-json\/wp\/v2\/media\/173436"}],"wp:attachment":[{"href":"https:\/\/www.enteratever.com\/2023\/wp-json\/wp\/v2\/media?parent=173435"}],"wp:term":[{"taxonomy":"category","embeddable":true,"href":"https:\/\/www.enteratever.com\/2023\/wp-json\/wp\/v2\/categories?post=173435"},{"taxonomy":"post_tag","embeddable":true,"href":"https:\/\/www.enteratever.com\/2023\/wp-json\/wp\/v2\/tags?post=173435"}],"curies":[{"name":"wp","href":"https:\/\/api.w.org\/{rel}","templated":true}]}}