{"id":173431,"date":"2021-03-17T20:48:09","date_gmt":"2021-03-17T20:48:09","guid":{"rendered":"https:\/\/www.enteratever.com\/2023\/reaperturan-el-primer-cuadro-de-la-ciudad\/"},"modified":"2021-03-17T20:48:09","modified_gmt":"2021-03-17T20:48:09","slug":"reaperturan-el-primer-cuadro-de-la-ciudad","status":"publish","type":"post","link":"https:\/\/www.enteratever.com\/2023\/2021\/03\/17\/reaperturan-el-primer-cuadro-de-la-ciudad\/","title":{"rendered":"Reaperturan el primer cuadro de la ciudad"},"content":{"rendered":"<p>Visitas: 7<\/p>\n<p class=\"wp-block-paragraph\">\u2022 Capacitan a personal para colaborar en la jornada de vacunaci\u00f3n<\/p>\n\n\n\n<p class=\"wp-block-paragraph\">Durante la ma\u00f1ana de este mi\u00e9rcoles 17 de marzo el primer cuadro de la ciudad amaneci\u00f3 reaperturado, esto luego de que por casi un a\u00f1o este permaneciera cerrada la circulaci\u00f3n a veh\u00edculos particulares esto para evitar aglomeraciones de personas debido a los altos \u00edndices de contagios.<\/p>\n\n\n\n<p class=\"wp-block-paragraph\">Por lo que Comerciantes y ciudadanos se sorprendieron al ver la estrategia del ayuntamiento, para algunos fue bueno, ya que se\u00f1alaban que de esta manera estar\u00e1n apoyando al comercio y a que se reactiven la econom\u00eda, algunos otros dijeron que eran una falta de responsabilidad por qu\u00e9 saben que la situaci\u00f3n de la ciudad sigue siendo complicada.<\/p>\n\n\n\n<p class=\"wp-block-paragraph\">Las autoridades se\u00f1alaron que se tom\u00f3 est\u00e1 determinaci\u00f3n debido a que el personal que participan en los m\u00f3dulos sanitizantes, ahora ser\u00e1n capacitados para poder llevar a cabo en los pr\u00f3ximos d\u00edas la vacunaci\u00f3n de adultos mayores, esto como parte de apoyo que la oficina de la Delegaci\u00f3n Regional de Bienestar Social viene realizando.<\/p>\n\n\n\n<p class=\"wp-block-paragraph\">Adem\u00e1s de que tambi\u00e9n se est\u00e1 buscando el poder crear un estudio para conocer c\u00f3mo las personas reaccionan al mantener el primer cuadro de la ciudad abierto y as\u00ed poco a poco irse adapt\u00e1ndose a las normas que rigen la nueva normalidad, pues es responsabilidad de todos el cuidarse y as\u00ed evitar que vuelvan a cerrar la vialidad.<\/p>\n\n\n\n<p class=\"wp-block-paragraph\">Recordaron que es de suma importancia el seguir con las medidas sanitarias, pues a\u00fan se sigue corriendo el riesgo al contagio, el hecho de que se est\u00e9 permitido el ingreso de veh\u00edculos al centro de la ciudad no quiere decir que la enfermedad no existe o ya no hay, es cuando m\u00e1s se deben de cuidar para que se pueda regresar a la normalidad.<\/p>\n\n\n\n<figure class=\"wp-block-gallery columns-1 wp-block-gallery-1 is-layout-flex wp-block-gallery-is-layout-flex\"><ul class=\"blocks-gallery-grid\"><li class=\"blocks-gallery-item\"><figure><img decoding=\"async\" src=\"https:\/\/www.enteratever.com\/2020\/wp-content\/uploads\/2021\/03\/WhatsApp-Image-2021-03-17-at-13.48.43.jpeg\" alt=\"\" data-id=\"40063\" data-full-url=\"https:\/\/www.enteratever.com\/2020\/wp-content\/uploads\/2021\/03\/WhatsApp-Image-2021-03-17-at-13.48.43.jpeg\" data-link=\"https:\/\/www.enteratever.com\/?attachment_id=40063\" class=\"wp-image-40063\"\/><\/figure><\/li><li class=\"blocks-gallery-item\"><figure><img decoding=\"async\" src=\"https:\/\/www.enteratever.com\/2020\/wp-content\/uploads\/2021\/03\/WhatsApp-Image-2021-03-17-at-13.48.57.jpeg\" alt=\"\" data-id=\"40064\" data-full-url=\"https:\/\/www.enteratever.com\/2020\/wp-content\/uploads\/2021\/03\/WhatsApp-Image-2021-03-17-at-13.48.57.jpeg\" data-link=\"https:\/\/www.enteratever.com\/?attachment_id=40064\" class=\"wp-image-40064\"\/><\/figure><\/li><\/ul><\/figure>\n","protected":false},"excerpt":{"rendered":"<p>Visitas: 7 \u2022 Capacitan a personal para colaborar en la jornada de vacunaci\u00f3n Durante la ma\u00f1ana de este mi\u00e9rcoles 17 de marzo el primer cuadro de la ciudad amaneci\u00f3 reaperturado, esto luego de que por casi un a\u00f1o este permaneciera cerrada la circulaci\u00f3n a veh\u00edculos particulares esto para evitar aglomeraciones de personas debido a los [&hellip;]<\/p>\n","protected":false},"author":4,"featured_media":173432,"comment_status":"open","ping_status":"open","sticky":false,"template":"","format":"standard","meta":{"footnotes":""},"categories":[213],"tags":[],"class_list":["post-173431","post","type-post","status-publish","format-standard","has-post-thumbnail","category-poza-rica"],"nelio_content":{"isAutoShareEnabled":true,"autoShareEndMode":"never","automationSources":{"useCustomSentences":false,"customSentences":[]},"followers":[],"suggestedReferences":[],"efiUrl":"","efiAlt":"","highlights":[],"permalinkQueryArgs":[],"series":[]},"_links":{"self":[{"href":"https:\/\/www.enteratever.com\/2023\/wp-json\/wp\/v2\/posts\/173431","targetHints":{"allow":["GET"]}}],"collection":[{"href":"https:\/\/www.enteratever.com\/2023\/wp-json\/wp\/v2\/posts"}],"about":[{"href":"https:\/\/www.enteratever.com\/2023\/wp-json\/wp\/v2\/types\/post"}],"author":[{"embeddable":true,"href":"https:\/\/www.enteratever.com\/2023\/wp-json\/wp\/v2\/users\/4"}],"replies":[{"embeddable":true,"href":"https:\/\/www.enteratever.com\/2023\/wp-json\/wp\/v2\/comments?post=173431"}],"version-history":[{"count":0,"href":"https:\/\/www.enteratever.com\/2023\/wp-json\/wp\/v2\/posts\/173431\/revisions"}],"wp:featuredmedia":[{"embeddable":true,"href":"https:\/\/www.enteratever.com\/2023\/wp-json\/wp\/v2\/media\/173432"}],"wp:attachment":[{"href":"https:\/\/www.enteratever.com\/2023\/wp-json\/wp\/v2\/media?parent=173431"}],"wp:term":[{"taxonomy":"category","embeddable":true,"href":"https:\/\/www.enteratever.com\/2023\/wp-json\/wp\/v2\/categories?post=173431"},{"taxonomy":"post_tag","embeddable":true,"href":"https:\/\/www.enteratever.com\/2023\/wp-json\/wp\/v2\/tags?post=173431"}],"curies":[{"name":"wp","href":"https:\/\/api.w.org\/{rel}","templated":true}]}}