{"id":173429,"date":"2021-03-17T18:49:23","date_gmt":"2021-03-17T18:49:23","guid":{"rendered":"https:\/\/www.enteratever.com\/2023\/autoridades-alertan-a-ciudadanos-a-estar-atentos-a-comunicados-oficiales\/"},"modified":"2021-03-17T18:49:23","modified_gmt":"2021-03-17T18:49:23","slug":"autoridades-alertan-a-ciudadanos-a-estar-atentos-a-comunicados-oficiales","status":"publish","type":"post","link":"https:\/\/www.enteratever.com\/2023\/2021\/03\/17\/autoridades-alertan-a-ciudadanos-a-estar-atentos-a-comunicados-oficiales\/","title":{"rendered":"Autoridades alertan a ciudadanos a estar atentos a comunicados oficiales"},"content":{"rendered":"<p>Visitas: 0<\/p>\n<p class=\"wp-block-paragraph\">Luego de que comenzar\u00e1 a circular cierta informaci\u00f3n sobre el periodo en el que se estar\u00e1 aplicando la vacuna anti Covid en el municipio de Poza Rica, fueron las mismas autoridades quienes alertaron a la poblaci\u00f3n de no creer todo lo que se dice, pues en los \u00fanicos medios en donde se estar\u00e1 dando a conocer toda la informaci\u00f3n ser\u00e1 a trav\u00e9s de las p\u00e1ginas del gobierno y del sector salud.<\/p>\n\n\n\n<p class=\"wp-block-paragraph\">Desde la tarde noche del pasado martes 16 de marzo a trav\u00e9s de la plataforma Whatsapp estuvieron circulando diversas informaciones sobre la aplicaci\u00f3n de la dosis para las personas de la tercera edad, por lo que el mensaje comenz\u00f3 a llegar a la mayor\u00eda de la ciudadan\u00eda.<\/p>\n\n\n\n<figure class=\"wp-block-image size-full\"><img decoding=\"async\" src=\"https:\/\/www.enteratever.com\/2020\/wp-content\/uploads\/2021\/03\/WhatsApp-Image-2021-03-17-at-12.04.52.jpeg\" alt=\"\" class=\"wp-image-40043\"\/><\/figure>\n\n\n\n<p class=\"wp-block-paragraph\">En este mensaje ven\u00edan la una la fecha en que dar\u00eda inicio los puntos en donde se estar\u00eda vacunando y algunos n\u00fameros telef\u00f3nicos en donde la poblaci\u00f3n podr\u00eda hacer el registro de sus familiares para que recibieran la vacuna y as\u00ed evitar que siga incrementando el n\u00famero de contagios en el municipio.<\/p>\n\n\n\n<p class=\"wp-block-paragraph\">Por su parte Emilio Olvera Andrade, Delegado Regional de Programas, a trav\u00e9s de su p\u00e1gina de Facebook puso una publicaci\u00f3n en donde comenta que toda la informaci\u00f3n ser\u00e1 publicada en las cuentas oficiales, por lo que se pon\u00eda a la disposici\u00f3n de la ciudadan\u00eda para aclarar cualquier duda.<\/p>\n\n\n\n<figure class=\"wp-block-image size-full\"><img decoding=\"async\" src=\"https:\/\/www.enteratever.com\/2020\/wp-content\/uploads\/2021\/03\/WhatsApp-Image-2021-03-17-at-12.04.53.jpeg\" alt=\"\" class=\"wp-image-40044\"\/><\/figure>\n\n\n\n<p class=\"wp-block-paragraph\">Es importante mencionar que no es necesario que los adultos mayores o familiares de este acudan desde temprana hora a formarse para apartar lugar, ya que por eso se les estar\u00e1 asignando una hora para que las personas acudan sin ning\u00fan problema y as\u00ed evitar aglomeraciones de personas a los sitios que estar\u00e1n dando a conocer.<\/p>\n","protected":false},"excerpt":{"rendered":"<p>Visitas: 0 Luego de que comenzar\u00e1 a circular cierta informaci\u00f3n sobre el periodo en el que se estar\u00e1 aplicando la vacuna anti Covid en el municipio de Poza Rica, fueron las mismas autoridades quienes alertaron a la poblaci\u00f3n de no creer todo lo que se dice, pues en los \u00fanicos medios en donde se estar\u00e1 [&hellip;]<\/p>\n","protected":false},"author":4,"featured_media":173430,"comment_status":"open","ping_status":"open","sticky":false,"template":"","format":"standard","meta":{"footnotes":""},"categories":[213],"tags":[],"class_list":["post-173429","post","type-post","status-publish","format-standard","has-post-thumbnail","category-poza-rica"],"nelio_content":{"isAutoShareEnabled":true,"autoShareEndMode":"never","automationSources":{"useCustomSentences":false,"customSentences":[]},"followers":[],"suggestedReferences":[],"efiUrl":"","efiAlt":"","highlights":[],"permalinkQueryArgs":[],"series":[]},"_links":{"self":[{"href":"https:\/\/www.enteratever.com\/2023\/wp-json\/wp\/v2\/posts\/173429","targetHints":{"allow":["GET"]}}],"collection":[{"href":"https:\/\/www.enteratever.com\/2023\/wp-json\/wp\/v2\/posts"}],"about":[{"href":"https:\/\/www.enteratever.com\/2023\/wp-json\/wp\/v2\/types\/post"}],"author":[{"embeddable":true,"href":"https:\/\/www.enteratever.com\/2023\/wp-json\/wp\/v2\/users\/4"}],"replies":[{"embeddable":true,"href":"https:\/\/www.enteratever.com\/2023\/wp-json\/wp\/v2\/comments?post=173429"}],"version-history":[{"count":0,"href":"https:\/\/www.enteratever.com\/2023\/wp-json\/wp\/v2\/posts\/173429\/revisions"}],"wp:featuredmedia":[{"embeddable":true,"href":"https:\/\/www.enteratever.com\/2023\/wp-json\/wp\/v2\/media\/173430"}],"wp:attachment":[{"href":"https:\/\/www.enteratever.com\/2023\/wp-json\/wp\/v2\/media?parent=173429"}],"wp:term":[{"taxonomy":"category","embeddable":true,"href":"https:\/\/www.enteratever.com\/2023\/wp-json\/wp\/v2\/categories?post=173429"},{"taxonomy":"post_tag","embeddable":true,"href":"https:\/\/www.enteratever.com\/2023\/wp-json\/wp\/v2\/tags?post=173429"}],"curies":[{"name":"wp","href":"https:\/\/api.w.org\/{rel}","templated":true}]}}