{"id":173426,"date":"2021-03-15T23:17:52","date_gmt":"2021-03-15T23:17:52","guid":{"rendered":"https:\/\/www.enteratever.com\/2023\/aspirantes-de-morena-no-estan-haciendo-actos-anticipados-de-campana\/"},"modified":"2021-03-15T23:17:52","modified_gmt":"2021-03-15T23:17:52","slug":"aspirantes-de-morena-no-estan-haciendo-actos-anticipados-de-campana","status":"publish","type":"post","link":"https:\/\/www.enteratever.com\/2023\/2021\/03\/15\/aspirantes-de-morena-no-estan-haciendo-actos-anticipados-de-campana\/","title":{"rendered":"Aspirantes de Morena no est\u00e1n haciendo actos anticipados de campa\u00f1a"},"content":{"rendered":"<p>Visitas: 0<\/p>\n<p class=\"wp-block-paragraph\">Aurora del Carmen Franco Hern\u00e1ndez, Presidenta del Organismos P\u00fablico Local Electoral (Ople), dijo que los actos que los aspirantes a los diferentes cargos p\u00fablicos no est\u00e1n considerados como actos anticipados de campa\u00f1a ya que no est\u00e1n considerados como candidatos.<\/p>\n\n\n\n<p class=\"wp-block-paragraph\">Al ser cuestionada sobre las actividades realizadas por Selene Morgado y Jos\u00e9 Juan Durante, qui\u00e9nes implementaron un m\u00f3dulo para registrar a las personas de la tercera edad para que recibieran la vacuna contra el covid-19, por lo que en su momento fueron denunciados ante el Instituto Nacional Electoral (INE).<\/p>\n\n\n\n<p class=\"wp-block-paragraph\">Por lo que dijo que ser\u00e1n las estancias correspondientes las que se estar\u00e1n encargando de aplicar una sanci\u00f3n en caso de que se estuviste cometiendo alg\u00fan delito electoral, por lo que solo queda esperas a que las autoridades hagan su trabajo.<\/p>\n\n\n\n<p class=\"wp-block-paragraph\">Hasta el momento solo tiene conocimiento que es el caso de Selene Morgado y de Jos\u00e9 Juan, pero estar\u00e1n atentos a los que se respete las indicaciones que se les dieron para que as\u00ed se pueda llevar a una elecciones tranquilas.<\/p>\n\n\n\n<p class=\"wp-block-paragraph\">Record\u00f3 que cuando tomaron protesta los comit\u00e9s se comprometieron a respetar los tiempos, por lo que esperan que ya nadie m\u00e1s trate lucrar o hacer actos anticipados de campa\u00f1a, para evitar que sigan registrando situaciones que cause alguna represalia.<\/p>\n","protected":false},"excerpt":{"rendered":"<p>Visitas: 0 Aurora del Carmen Franco Hern\u00e1ndez, Presidenta del Organismos P\u00fablico Local Electoral (Ople), dijo que los actos que los aspirantes a los diferentes cargos p\u00fablicos no est\u00e1n considerados como actos anticipados de campa\u00f1a ya que no est\u00e1n considerados como candidatos. Al ser cuestionada sobre las actividades realizadas por Selene Morgado y Jos\u00e9 Juan Durante, [&hellip;]<\/p>\n","protected":false},"author":4,"featured_media":173427,"comment_status":"open","ping_status":"open","sticky":false,"template":"","format":"standard","meta":{"footnotes":""},"categories":[213],"tags":[],"class_list":["post-173426","post","type-post","status-publish","format-standard","has-post-thumbnail","category-poza-rica"],"nelio_content":{"isAutoShareEnabled":true,"autoShareEndMode":"never","automationSources":{"useCustomSentences":false,"customSentences":[]},"followers":[],"suggestedReferences":[],"efiUrl":"","efiAlt":"","highlights":[],"permalinkQueryArgs":[],"series":[]},"_links":{"self":[{"href":"https:\/\/www.enteratever.com\/2023\/wp-json\/wp\/v2\/posts\/173426","targetHints":{"allow":["GET"]}}],"collection":[{"href":"https:\/\/www.enteratever.com\/2023\/wp-json\/wp\/v2\/posts"}],"about":[{"href":"https:\/\/www.enteratever.com\/2023\/wp-json\/wp\/v2\/types\/post"}],"author":[{"embeddable":true,"href":"https:\/\/www.enteratever.com\/2023\/wp-json\/wp\/v2\/users\/4"}],"replies":[{"embeddable":true,"href":"https:\/\/www.enteratever.com\/2023\/wp-json\/wp\/v2\/comments?post=173426"}],"version-history":[{"count":0,"href":"https:\/\/www.enteratever.com\/2023\/wp-json\/wp\/v2\/posts\/173426\/revisions"}],"wp:featuredmedia":[{"embeddable":true,"href":"https:\/\/www.enteratever.com\/2023\/wp-json\/wp\/v2\/media\/173427"}],"wp:attachment":[{"href":"https:\/\/www.enteratever.com\/2023\/wp-json\/wp\/v2\/media?parent=173426"}],"wp:term":[{"taxonomy":"category","embeddable":true,"href":"https:\/\/www.enteratever.com\/2023\/wp-json\/wp\/v2\/categories?post=173426"},{"taxonomy":"post_tag","embeddable":true,"href":"https:\/\/www.enteratever.com\/2023\/wp-json\/wp\/v2\/tags?post=173426"}],"curies":[{"name":"wp","href":"https:\/\/api.w.org\/{rel}","templated":true}]}}