{"id":173418,"date":"2021-03-15T00:14:44","date_gmt":"2021-03-15T00:14:44","guid":{"rendered":"https:\/\/www.enteratever.com\/2023\/docentes-preocupados-por-la-propuesta-de-recorte-de-personal-en-la-sep\/"},"modified":"2021-03-15T00:14:44","modified_gmt":"2021-03-15T00:14:44","slug":"docentes-preocupados-por-la-propuesta-de-recorte-de-personal-en-la-sep","status":"publish","type":"post","link":"https:\/\/www.enteratever.com\/2023\/2021\/03\/15\/docentes-preocupados-por-la-propuesta-de-recorte-de-personal-en-la-sep\/","title":{"rendered":"Docentes preocupados por la propuesta de recorte de personal en la SEP"},"content":{"rendered":"<p>Visitas: 6<\/p>\n<p class=\"wp-block-paragraph\">Tras darse a conocer que la actual titular de la Secretar\u00eda de Educaci\u00f3n P\u00fablica (SEP), Delfina G\u00f3mez \u00c1lvarez, solicit\u00f3 a los encargados de Direcciones Generales, Subsecretar\u00edas y \u00d3rganos Desconcertados presentar lo antes posible sus propuestas de \u201creducci\u00f3n de personal\u201c, a poco menos de un mes de ocupar el cargo, esto con la escusa de que se pueda seguir con el gobierno de austeridad.<\/p>\n\n\n\n<p class=\"wp-block-paragraph\">Algunos docentes se encuentran molestos por esta decisi\u00f3n que la actual titular de la SEP quiere hacer, pues se\u00f1alan que no es posible que alguien que se impone que les deber\u00eda de brindar el apoyo a los profesores sea la primera persona que los quiera perjudicar, sabiendo el gran trabajo que est\u00e1n realizando a distancia.<\/p>\n\n\n\n<p class=\"wp-block-paragraph\">Se\u00f1alaron que a pesar de que muchos padres de familia aseguran que los docentes no est\u00e1n trabajando y est\u00e1n ganando un sueldo \u00edntegro, cuando no es as\u00ed, pues maestros que trabajan en zonas rurales, donde los ni\u00f1os son de escaso recursos que no cuentan con internet y algunos de ellos tampoco tiene una televisi\u00f3n son los maestros que de su salario hacen los cuadernillos que son llevados y con los que se trabaja, adem\u00e1s de que cada semana acuden para revisar sus avances.<\/p>\n\n\n\n<p class=\"wp-block-paragraph\">Los profesores temen que quieran sacar a todos los que ya cuentan con varios a\u00f1os de antig\u00fcedad, pues en ning\u00fan momento en la carta que G\u00f3mez \u00c1lvarez hizo llegar al presidente de le la rep\u00fablica explica sobre qui\u00e9nes ser\u00e1n recortados, por lo que todos los docentes est\u00e1n en ese peligro, por lo que estar\u00e1n velando por sus derechos como trabajadores.<\/p>\n\n\n\n<p class=\"wp-block-paragraph\">Se\u00f1alaron que con otros titulares se vieron favorecidos, como es el caso de Elba Esther Gordillo, entre otros, por lo que no se posible que una persona que no tiene ni un mes en el cargo solo busque perjudicar a los docentes, pues en el momento que regresen a clases como estar\u00e1n trabajando con diferentes grupos al mismo tiempo, adem\u00e1s de que algunos ocupan cargos de directores.<\/p>\n\n\n\n<p class=\"wp-block-paragraph\">Por lo que los docentes se han comunicado con sus superiores para saber si alguno de ellos tiene un poco m\u00e1s de informaci\u00f3n sobre el tema, pero hasta el momento no se les han podido resolver sus dudas que tienen, pero si de algo est\u00e1n seguros que no est\u00e1n permitiendo eso, por qu\u00e9 que har\u00e1n con tanto maestro desempleado.<\/p>\n","protected":false},"excerpt":{"rendered":"<p>Visitas: 6 Tras darse a conocer que la actual titular de la Secretar\u00eda de Educaci\u00f3n P\u00fablica (SEP), Delfina G\u00f3mez \u00c1lvarez, solicit\u00f3 a los encargados de Direcciones Generales, Subsecretar\u00edas y \u00d3rganos Desconcertados presentar lo antes posible sus propuestas de \u201creducci\u00f3n de personal\u201c, a poco menos de un mes de ocupar el cargo, esto con la escusa [&hellip;]<\/p>\n","protected":false},"author":4,"featured_media":173419,"comment_status":"open","ping_status":"open","sticky":false,"template":"","format":"standard","meta":{"footnotes":""},"categories":[213],"tags":[],"class_list":["post-173418","post","type-post","status-publish","format-standard","has-post-thumbnail","category-poza-rica"],"nelio_content":{"isAutoShareEnabled":true,"autoShareEndMode":"never","automationSources":{"useCustomSentences":false,"customSentences":[]},"followers":[],"suggestedReferences":[],"efiUrl":"","efiAlt":"","highlights":[],"permalinkQueryArgs":[],"series":[]},"_links":{"self":[{"href":"https:\/\/www.enteratever.com\/2023\/wp-json\/wp\/v2\/posts\/173418","targetHints":{"allow":["GET"]}}],"collection":[{"href":"https:\/\/www.enteratever.com\/2023\/wp-json\/wp\/v2\/posts"}],"about":[{"href":"https:\/\/www.enteratever.com\/2023\/wp-json\/wp\/v2\/types\/post"}],"author":[{"embeddable":true,"href":"https:\/\/www.enteratever.com\/2023\/wp-json\/wp\/v2\/users\/4"}],"replies":[{"embeddable":true,"href":"https:\/\/www.enteratever.com\/2023\/wp-json\/wp\/v2\/comments?post=173418"}],"version-history":[{"count":0,"href":"https:\/\/www.enteratever.com\/2023\/wp-json\/wp\/v2\/posts\/173418\/revisions"}],"wp:featuredmedia":[{"embeddable":true,"href":"https:\/\/www.enteratever.com\/2023\/wp-json\/wp\/v2\/media\/173419"}],"wp:attachment":[{"href":"https:\/\/www.enteratever.com\/2023\/wp-json\/wp\/v2\/media?parent=173418"}],"wp:term":[{"taxonomy":"category","embeddable":true,"href":"https:\/\/www.enteratever.com\/2023\/wp-json\/wp\/v2\/categories?post=173418"},{"taxonomy":"post_tag","embeddable":true,"href":"https:\/\/www.enteratever.com\/2023\/wp-json\/wp\/v2\/tags?post=173418"}],"curies":[{"name":"wp","href":"https:\/\/api.w.org\/{rel}","templated":true}]}}