{"id":173404,"date":"2021-03-11T21:08:26","date_gmt":"2021-03-11T21:08:26","guid":{"rendered":"https:\/\/www.enteratever.com\/2023\/comerciantes-ambulantes-limpian-el-primer-cuadro-de-la-ciudad\/"},"modified":"2021-03-11T21:08:26","modified_gmt":"2021-03-11T21:08:26","slug":"comerciantes-ambulantes-limpian-el-primer-cuadro-de-la-ciudad","status":"publish","type":"post","link":"https:\/\/www.enteratever.com\/2023\/2021\/03\/11\/comerciantes-ambulantes-limpian-el-primer-cuadro-de-la-ciudad\/","title":{"rendered":"Comerciantes ambulantes limpian el primer cuadro de la ciudad"},"content":{"rendered":"<p>Visitas: 4<\/p>\n<p class=\"wp-block-paragraph\">Poza Rica, Veracruz.- Comerciantes ambulantes realizaron trabajos de limpieza en el primer cuadro de la ciudad, esto con el objetivo de poder mantener limpia sus \u00e1reas de trabajo y con ello as\u00ed evitar que siga incrementando el n\u00famero de contagios de covid-19 en este municipio.<\/p>\n\n\n\n<p class=\"wp-block-paragraph\">Algunos de ellos en silla de ruedas, personas de la tercera edad desde las ocho de la ma\u00f1ana estuvieron esperando a que el personal del ayuntamiento acudiera para entregarles el l\u00edquido vital para poder lavar sus espacios, por lo que tuvieron que esperar tres horas para poder realizar los trabajos.<\/p>\n\n\n\n<p class=\"wp-block-paragraph\">Cabe destacar que por pandemia las autoridades municipales llegaron al acuerdo de que los d\u00edas lunes y jueves no se les permite colocarse en el primer cuadro de la ciudad, esto para evitar que sigan incrementando el n\u00famero de contagios en el municipio, por lo que este d\u00eda de utiliz\u00f3 para mejorar la imagen del centro de la ciudad.<\/p>\n\n\n\n<p class=\"wp-block-paragraph\">Esta actividad no es la primera vez que se realiza, en el a\u00f1o pasado fueron los locatarios del Mercado Poza Rica los que tambi\u00e9n estuvieron haciendo trabajos de limpieza, al interior de este centro de abastos, los cuales en su momento se coordinados con personal del ayuntamiento.<\/p>\n\n\n\n<p class=\"wp-block-paragraph\">Por lo que se\u00f1alaron que se estar\u00e1 buscando la forma de poder continuar con este tipo de trabajos los cuales el \u00fanico objetivo es poder contribuir a la limpieza de la ciudad, ya que ellos mismo reconocieron que el no mantener limpio su \u00e1rea de trabajo puede generar mal comentarios y al mismo tiempo se busca cambiar la imagen de la ciudad.<\/p>\n\n\n\n<figure class=\"wp-block-gallery columns-1 wp-block-gallery-1 is-layout-flex wp-block-gallery-is-layout-flex\"><ul class=\"blocks-gallery-grid\"><li class=\"blocks-gallery-item\"><figure><img decoding=\"async\" src=\"https:\/\/www.enteratever.com\/2020\/wp-content\/uploads\/2021\/03\/WhatsApp-Image-2021-03-11-at-15.00.18.jpeg\" alt=\"\" data-id=\"39621\" data-full-url=\"https:\/\/www.enteratever.com\/2020\/wp-content\/uploads\/2021\/03\/WhatsApp-Image-2021-03-11-at-15.00.18.jpeg\" data-link=\"https:\/\/www.enteratever.com\/?attachment_id=39621\" class=\"wp-image-39621\"\/><\/figure><\/li><li class=\"blocks-gallery-item\"><figure><img decoding=\"async\" src=\"https:\/\/www.enteratever.com\/2020\/wp-content\/uploads\/2021\/03\/WhatsApp-Image-2021-03-11-at-15.00.19.jpeg\" alt=\"\" data-id=\"39622\" data-full-url=\"https:\/\/www.enteratever.com\/2020\/wp-content\/uploads\/2021\/03\/WhatsApp-Image-2021-03-11-at-15.00.19.jpeg\" data-link=\"https:\/\/www.enteratever.com\/?attachment_id=39622\" class=\"wp-image-39622\"\/><\/figure><\/li><li class=\"blocks-gallery-item\"><figure><img decoding=\"async\" src=\"https:\/\/www.enteratever.com\/2020\/wp-content\/uploads\/2021\/03\/WhatsApp-Image-2021-03-11-at-15.00.20.jpeg\" alt=\"\" data-id=\"39623\" data-full-url=\"https:\/\/www.enteratever.com\/2020\/wp-content\/uploads\/2021\/03\/WhatsApp-Image-2021-03-11-at-15.00.20.jpeg\" data-link=\"https:\/\/www.enteratever.com\/?attachment_id=39623\" class=\"wp-image-39623\"\/><\/figure><\/li><li class=\"blocks-gallery-item\"><figure><img decoding=\"async\" src=\"https:\/\/www.enteratever.com\/2020\/wp-content\/uploads\/2021\/03\/WhatsApp-Image-2021-03-11-at-15.00.21.jpeg\" alt=\"\" data-id=\"39624\" data-full-url=\"https:\/\/www.enteratever.com\/2020\/wp-content\/uploads\/2021\/03\/WhatsApp-Image-2021-03-11-at-15.00.21.jpeg\" data-link=\"https:\/\/www.enteratever.com\/?attachment_id=39624\" class=\"wp-image-39624\"\/><\/figure><\/li><li class=\"blocks-gallery-item\"><figure><img decoding=\"async\" src=\"https:\/\/www.enteratever.com\/2020\/wp-content\/uploads\/2021\/03\/WhatsApp-Image-2021-03-11-at-15.00.22.jpeg\" alt=\"\" data-id=\"39625\" data-full-url=\"https:\/\/www.enteratever.com\/2020\/wp-content\/uploads\/2021\/03\/WhatsApp-Image-2021-03-11-at-15.00.22.jpeg\" data-link=\"https:\/\/www.enteratever.com\/?attachment_id=39625\" class=\"wp-image-39625\"\/><\/figure><\/li><li class=\"blocks-gallery-item\"><figure><img decoding=\"async\" src=\"https:\/\/www.enteratever.com\/2020\/wp-content\/uploads\/2021\/03\/WhatsApp-Image-2021-03-11-at-15.00.23.jpeg\" alt=\"\" data-id=\"39626\" data-full-url=\"https:\/\/www.enteratever.com\/2020\/wp-content\/uploads\/2021\/03\/WhatsApp-Image-2021-03-11-at-15.00.23.jpeg\" data-link=\"https:\/\/www.enteratever.com\/?attachment_id=39626\" class=\"wp-image-39626\"\/><\/figure><\/li><li class=\"blocks-gallery-item\"><figure><img decoding=\"async\" src=\"https:\/\/www.enteratever.com\/2020\/wp-content\/uploads\/2021\/03\/WhatsApp-Image-2021-03-11-at-15.00.24.jpeg\" alt=\"\" data-id=\"39627\" data-full-url=\"https:\/\/www.enteratever.com\/2020\/wp-content\/uploads\/2021\/03\/WhatsApp-Image-2021-03-11-at-15.00.24.jpeg\" data-link=\"https:\/\/www.enteratever.com\/?attachment_id=39627\" class=\"wp-image-39627\"\/><\/figure><\/li><\/ul><\/figure>\n","protected":false},"excerpt":{"rendered":"<p>Visitas: 4 Poza Rica, Veracruz.- Comerciantes ambulantes realizaron trabajos de limpieza en el primer cuadro de la ciudad, esto con el objetivo de poder mantener limpia sus \u00e1reas de trabajo y con ello as\u00ed evitar que siga incrementando el n\u00famero de contagios de covid-19 en este municipio. Algunos de ellos en silla de ruedas, personas [&hellip;]<\/p>\n","protected":false},"author":4,"featured_media":173405,"comment_status":"open","ping_status":"open","sticky":false,"template":"","format":"standard","meta":{"footnotes":""},"categories":[213],"tags":[],"class_list":["post-173404","post","type-post","status-publish","format-standard","has-post-thumbnail","category-poza-rica"],"nelio_content":{"isAutoShareEnabled":true,"autoShareEndMode":"never","automationSources":{"useCustomSentences":false,"customSentences":[]},"followers":[],"suggestedReferences":[],"efiUrl":"","efiAlt":"","highlights":[],"permalinkQueryArgs":[],"series":[]},"_links":{"self":[{"href":"https:\/\/www.enteratever.com\/2023\/wp-json\/wp\/v2\/posts\/173404","targetHints":{"allow":["GET"]}}],"collection":[{"href":"https:\/\/www.enteratever.com\/2023\/wp-json\/wp\/v2\/posts"}],"about":[{"href":"https:\/\/www.enteratever.com\/2023\/wp-json\/wp\/v2\/types\/post"}],"author":[{"embeddable":true,"href":"https:\/\/www.enteratever.com\/2023\/wp-json\/wp\/v2\/users\/4"}],"replies":[{"embeddable":true,"href":"https:\/\/www.enteratever.com\/2023\/wp-json\/wp\/v2\/comments?post=173404"}],"version-history":[{"count":0,"href":"https:\/\/www.enteratever.com\/2023\/wp-json\/wp\/v2\/posts\/173404\/revisions"}],"wp:featuredmedia":[{"embeddable":true,"href":"https:\/\/www.enteratever.com\/2023\/wp-json\/wp\/v2\/media\/173405"}],"wp:attachment":[{"href":"https:\/\/www.enteratever.com\/2023\/wp-json\/wp\/v2\/media?parent=173404"}],"wp:term":[{"taxonomy":"category","embeddable":true,"href":"https:\/\/www.enteratever.com\/2023\/wp-json\/wp\/v2\/categories?post=173404"},{"taxonomy":"post_tag","embeddable":true,"href":"https:\/\/www.enteratever.com\/2023\/wp-json\/wp\/v2\/tags?post=173404"}],"curies":[{"name":"wp","href":"https:\/\/api.w.org\/{rel}","templated":true}]}}