{"id":173397,"date":"2021-03-10T23:36:54","date_gmt":"2021-03-10T23:36:54","guid":{"rendered":"https:\/\/www.enteratever.com\/2023\/canaco-busca-acreditar-negocios-en-poza-rica\/"},"modified":"2021-03-10T23:36:54","modified_gmt":"2021-03-10T23:36:54","slug":"canaco-busca-acreditar-negocios-en-poza-rica","status":"publish","type":"post","link":"https:\/\/www.enteratever.com\/2023\/2021\/03\/10\/canaco-busca-acreditar-negocios-en-poza-rica\/","title":{"rendered":"Canaco busca acreditar negocios en Poza Rica"},"content":{"rendered":"<p>Visitas: 0<\/p>\n<p class=\"wp-block-paragraph\"><em>El 30 % de los negocios tuvieron que cerrar durante el 2020.<\/em><\/p>\n\n\n\n<p class=\"wp-block-paragraph\">Ante el cierre de negocios en la ciudad, la C\u00e1mara Nacional de Comercio (Canaco) estar\u00e1 teniendo una reuni\u00f3n con el alcalde Francisco Javier Vel\u00e1zquez Vallejo se estar\u00e1 presentando una iniciativa para que a trav\u00e9s de una acreditaci\u00f3n por parte del gobierno de Poza Rica puedan trabajar sin importar el color del sem\u00e1foro epidemiol\u00f3gico.<\/p>\n\n\n\n<figure class=\"wp-block-image size-full\"><img decoding=\"async\" src=\"https:\/\/www.enteratever.com\/2020\/wp-content\/uploads\/2021\/03\/WhatsApp-Image-2021-03-10-at-16.56.00.jpeg\" alt=\"\" class=\"wp-image-39522\"\/><\/figure>\n\n\n\n<p class=\"wp-block-paragraph\">En entrevista Francisco L\u00f3pez G\u00f3mez, presidente de dicho organismo empresarial manifest\u00f3 que esta propuesta su \u00fanico fin es evitar que m\u00e1s negocios sigan cerrando ante la baja demanda o suspensi\u00f3n por parte de las autoridades, pues si bien todos se han alineado a las indicaciones de las autoridades y ahora lo \u00fanico que piden es el respaldo de las autoridades.<\/p>\n\n\n\n<p class=\"wp-block-paragraph\">Asegur\u00f3 que todos los empresarios se estar\u00edan comprometiendo a respetar las medidas sanitarias, pues es la forma que tienen para poder sobrevivir, adem\u00e1s de que entienden que es de suma importancia el cumplir con est\u00e1s, pues la mayor\u00eda trata de contar con sus tapetes sanitizantes, gel antibacterial y todo lo que suelen solicitar.<\/p>\n\n\n\n<figure class=\"wp-block-image size-full\"><img decoding=\"async\" src=\"https:\/\/www.enteratever.com\/2020\/wp-content\/uploads\/2021\/03\/WhatsApp-Image-2021-03-10-at-16.56.01.jpeg\" alt=\"\" class=\"wp-image-39523\"\/><\/figure>\n\n\n\n<p class=\"wp-block-paragraph\">El presidente de la Canaco argument\u00f3 dijo que en el 2020 se present\u00f3 un cierre definitivo de negocios del 30 por ciento, ya que contin\u00faan pagando salarios sin tener ingresos y eso ha llevado a la quiebra al comercio formal principalmente, por lo que buscan estrategias para evitar que siga incrementando el n\u00famero de desempleo.<\/p>\n\n\n\n<p class=\"wp-block-paragraph\">Asegur\u00f3 que mantienen la esperanza de poder tener un di\u00e1logo positivo con las autoridades municipales que no solo se preocupen por la salud sino tambi\u00e9n la econom\u00eda de esta ciudad, la cual en el \u00faltimo a\u00f1o no se tuvieron las ganancias planeadas.<\/p>\n","protected":false},"excerpt":{"rendered":"<p>Visitas: 0 El 30 % de los negocios tuvieron que cerrar durante el 2020. Ante el cierre de negocios en la ciudad, la C\u00e1mara Nacional de Comercio (Canaco) estar\u00e1 teniendo una reuni\u00f3n con el alcalde Francisco Javier Vel\u00e1zquez Vallejo se estar\u00e1 presentando una iniciativa para que a trav\u00e9s de una acreditaci\u00f3n por parte del gobierno [&hellip;]<\/p>\n","protected":false},"author":4,"featured_media":172070,"comment_status":"open","ping_status":"open","sticky":false,"template":"","format":"standard","meta":{"footnotes":""},"categories":[213],"tags":[],"class_list":["post-173397","post","type-post","status-publish","format-standard","has-post-thumbnail","category-poza-rica"],"nelio_content":{"isAutoShareEnabled":true,"autoShareEndMode":"never","automationSources":{"useCustomSentences":false,"customSentences":[]},"followers":[],"suggestedReferences":[],"efiUrl":"","efiAlt":"","highlights":[],"permalinkQueryArgs":[],"series":[]},"_links":{"self":[{"href":"https:\/\/www.enteratever.com\/2023\/wp-json\/wp\/v2\/posts\/173397","targetHints":{"allow":["GET"]}}],"collection":[{"href":"https:\/\/www.enteratever.com\/2023\/wp-json\/wp\/v2\/posts"}],"about":[{"href":"https:\/\/www.enteratever.com\/2023\/wp-json\/wp\/v2\/types\/post"}],"author":[{"embeddable":true,"href":"https:\/\/www.enteratever.com\/2023\/wp-json\/wp\/v2\/users\/4"}],"replies":[{"embeddable":true,"href":"https:\/\/www.enteratever.com\/2023\/wp-json\/wp\/v2\/comments?post=173397"}],"version-history":[{"count":0,"href":"https:\/\/www.enteratever.com\/2023\/wp-json\/wp\/v2\/posts\/173397\/revisions"}],"wp:featuredmedia":[{"embeddable":true,"href":"https:\/\/www.enteratever.com\/2023\/wp-json\/wp\/v2\/media\/172070"}],"wp:attachment":[{"href":"https:\/\/www.enteratever.com\/2023\/wp-json\/wp\/v2\/media?parent=173397"}],"wp:term":[{"taxonomy":"category","embeddable":true,"href":"https:\/\/www.enteratever.com\/2023\/wp-json\/wp\/v2\/categories?post=173397"},{"taxonomy":"post_tag","embeddable":true,"href":"https:\/\/www.enteratever.com\/2023\/wp-json\/wp\/v2\/tags?post=173397"}],"curies":[{"name":"wp","href":"https:\/\/api.w.org\/{rel}","templated":true}]}}