{"id":173382,"date":"2021-03-09T21:12:18","date_gmt":"2021-03-09T21:12:18","guid":{"rendered":"https:\/\/www.enteratever.com\/2023\/por-segundo-ano-consecutivo-poza-rica-se-queda-sin-fiestas-del-petroleo\/"},"modified":"2021-03-09T21:12:18","modified_gmt":"2021-03-09T21:12:18","slug":"por-segundo-ano-consecutivo-poza-rica-se-queda-sin-fiestas-del-petroleo","status":"publish","type":"post","link":"https:\/\/www.enteratever.com\/2023\/2021\/03\/09\/por-segundo-ano-consecutivo-poza-rica-se-queda-sin-fiestas-del-petroleo\/","title":{"rendered":"Por segundo a\u00f1o consecutivo Poza Rica se queda sin Fiestas del Petr\u00f3leo"},"content":{"rendered":"<p>Visitas: 14<\/p>\n<p class=\"wp-block-paragraph\"><em>Se estar\u00e1n realizando conferencia en donde el alcalde participar\u00e1 contando su experiencia como jubilado de Pemex.<\/em><\/p>\n\n\n\n<p class=\"wp-block-paragraph\">Poza Rica, Veracruz.- Por segundo a\u00f1o consecutivo las fiestas del petr\u00f3leo se ver\u00e1n suspendidas, esto debido a que el municipio atraviesa una pandemia por el Covid-19, por lo que las autoridades dieron a conocer que est\u00e9 a\u00f1o tampoco habr\u00e1 desfiles, conciertos o cualquier tipo de eventos masivo que ponga en riesgo la integridad de los ciudadanos, pero se tiene programado una serie de videoconferencias.<\/p>\n\n\n\n<p class=\"wp-block-paragraph\">Las conferencias se estar\u00e1n llevando a cabo a partir del pr\u00f3ximo 16 marzo y estar\u00e1n concluyendo el pr\u00f3ximo 20 de marzo, a trav\u00e9s de una transmisi\u00f3n en vivo transmisi\u00f3n en vivo en donde el alcalde Francisco Javier Vel\u00e1zquez Vallejo, dijo de manera oficial que los eventos masivos estaba prohibidos, pues la conmemoraci\u00f3n del 83 aniversario de la Expropiaci\u00f3n Petrolera que est\u00e9 a\u00f1o lleva por eslogan \u201c Orgullo de nuestra historia\u201d.<\/p>\n\n\n\n<p class=\"wp-block-paragraph\">A un a\u00f1os de las actividades se tuvieran paralizar debido a la pandemia, las autoridades se\u00f1alaron que ha sido un a\u00f1o complicado y a pesar de que ya se cuentan con una vacuna y que el sem\u00e1foro epidemiol\u00f3gico se encuentra en naranja ser\u00eda una acci\u00f3n inconsciente el realizar un evento en donde miles de familias tanto de Poza Rica y de la regi\u00f3n acuden para conmemorar este d\u00eda.<\/p>\n\n\n\n<p class=\"wp-block-paragraph\">Destacaron que a pesar de que no se pueden realizar eventos presenciales no se dejar\u00e1 pasar por alto una fecha tan importante para la ciudad, por lo que est\u00e1n planeando una serie de conferencia para que los j\u00f3venes de la ciudad se les brinde el conocimiento hist\u00f3rico sobre la expropiaci\u00f3n petrolera, la cual ha jugado un papel primordial para el desarrollo del municipio.<\/p>\n\n\n\n<p class=\"wp-block-paragraph\">En estas tambi\u00e9n estar\u00e1 participando el alcalde, qui\u00e9n contar\u00e1 sus experiencias como ex trabajador de Petr\u00f3leos Mexicanos, su participaci\u00f3n se estar\u00e1 llevando a cabo el pr\u00f3ximo 18 de marzo, este ser\u00e1 transmitido a trav\u00e9s de l\u00ednea, por lo que durante cinco d\u00edas historiadores y cronistas est\u00e1n participando en esta actividad.<\/p>\n\n\n\n<p class=\"wp-block-paragraph\">Es importante se\u00f1alar que en d\u00edas pasados fue el mismo Secretario General de la Secci\u00f3n 30 del STPRM, Jos\u00e9 Juan Soni Sol\u00eds qui\u00e9n dio a conocer sobre la cancelaci\u00f3n de las fiestas del petr\u00f3leo hasta que el sem\u00e1foro epidemiol\u00f3gico lo permita, adem\u00e1s hizo un llamado para que la poblaci\u00f3n no baje la guardia y seguirse cuidando para que poco a poco puedan regresar a sus actividades con normalidad.<\/p>\n","protected":false},"excerpt":{"rendered":"<p>Visitas: 14 Se estar\u00e1n realizando conferencia en donde el alcalde participar\u00e1 contando su experiencia como jubilado de Pemex. Poza Rica, Veracruz.- Por segundo a\u00f1o consecutivo las fiestas del petr\u00f3leo se ver\u00e1n suspendidas, esto debido a que el municipio atraviesa una pandemia por el Covid-19, por lo que las autoridades dieron a conocer que est\u00e9 a\u00f1o [&hellip;]<\/p>\n","protected":false},"author":4,"featured_media":171266,"comment_status":"open","ping_status":"open","sticky":false,"template":"","format":"standard","meta":{"footnotes":""},"categories":[213],"tags":[],"class_list":["post-173382","post","type-post","status-publish","format-standard","has-post-thumbnail","category-poza-rica"],"nelio_content":{"isAutoShareEnabled":true,"autoShareEndMode":"never","automationSources":{"useCustomSentences":false,"customSentences":[]},"followers":[],"suggestedReferences":[],"efiUrl":"","efiAlt":"","highlights":[],"permalinkQueryArgs":[],"series":[]},"_links":{"self":[{"href":"https:\/\/www.enteratever.com\/2023\/wp-json\/wp\/v2\/posts\/173382","targetHints":{"allow":["GET"]}}],"collection":[{"href":"https:\/\/www.enteratever.com\/2023\/wp-json\/wp\/v2\/posts"}],"about":[{"href":"https:\/\/www.enteratever.com\/2023\/wp-json\/wp\/v2\/types\/post"}],"author":[{"embeddable":true,"href":"https:\/\/www.enteratever.com\/2023\/wp-json\/wp\/v2\/users\/4"}],"replies":[{"embeddable":true,"href":"https:\/\/www.enteratever.com\/2023\/wp-json\/wp\/v2\/comments?post=173382"}],"version-history":[{"count":0,"href":"https:\/\/www.enteratever.com\/2023\/wp-json\/wp\/v2\/posts\/173382\/revisions"}],"wp:featuredmedia":[{"embeddable":true,"href":"https:\/\/www.enteratever.com\/2023\/wp-json\/wp\/v2\/media\/171266"}],"wp:attachment":[{"href":"https:\/\/www.enteratever.com\/2023\/wp-json\/wp\/v2\/media?parent=173382"}],"wp:term":[{"taxonomy":"category","embeddable":true,"href":"https:\/\/www.enteratever.com\/2023\/wp-json\/wp\/v2\/categories?post=173382"},{"taxonomy":"post_tag","embeddable":true,"href":"https:\/\/www.enteratever.com\/2023\/wp-json\/wp\/v2\/tags?post=173382"}],"curies":[{"name":"wp","href":"https:\/\/api.w.org\/{rel}","templated":true}]}}