{"id":173352,"date":"2021-03-04T22:25:23","date_gmt":"2021-03-04T22:25:23","guid":{"rendered":"https:\/\/www.enteratever.com\/2023\/crearan-la-primera-casa-de-la-paz-en-poza-rica\/"},"modified":"2021-03-04T22:25:23","modified_gmt":"2021-03-04T22:25:23","slug":"crearan-la-primera-casa-de-la-paz-en-poza-rica","status":"publish","type":"post","link":"https:\/\/www.enteratever.com\/2023\/2021\/03\/04\/crearan-la-primera-casa-de-la-paz-en-poza-rica\/","title":{"rendered":"Crearan la primera casa de la paz en Poza Rica"},"content":{"rendered":"<p>Visitas: 2<\/p>\n<p class=\"wp-block-paragraph\">Integrantes de la Delegaci\u00f3n General de Asuntos Religiosos a nivel federal y estatal con integrantes del los colectivos para poder dialogar y buscar alg\u00fan tipo de programa que pueda beneficiar a las personas que siguen buscando a sus familiares, as\u00ed mismo para la confirmaci\u00f3n de una casa de la paz, en la cual se les brinde todo tipo de ayuda a las familiares de las v\u00edctimas.<\/p>\n\n\n\n<p class=\"wp-block-paragraph\">De acuerdo con Jorge Eduardo Basald\u00faa Silva, Director Nacional, destac\u00f3 que acudi\u00f3 a esta junta de trabajo desde a nivel federal con el prop\u00f3sito de acompa\u00f1ar a las familias de desaparecidos, y tener di\u00e1logo con ellos, ver las necesidades y as\u00ed poder establecer actividades espec\u00edficas que colaboren en la brigada de b\u00fasqueda.<\/p>\n\n\n\n<p class=\"wp-block-paragraph\">Por su parte Sergio Ulises Montes Guzm\u00e1n Director de asuntos religiosos en el Estado, se\u00f1al\u00f3 que desde el a\u00f1o pasado se ha trabajado de la mano en la Quinta Brigada De B\u00fasqueda, en los municipios de Poza Rica, Papantla y Tihuatl\u00e1n, se\u00f1al\u00f3 que los resultados han positivos, las misma iglesia lo ha solicitado, por lo que seguir\u00e1n trabajando como gobierno y ciudadan\u00eda<\/p>\n\n\n\n<p class=\"wp-block-paragraph\">Al igual dio a conocer que se estar\u00e1 trabajando para la construcci\u00f3n de una casa de la paz , en la cual estar\u00e1n los representantes de las iglesias de la ciudad, esto para brindarles apoyo psicol\u00f3gico, espiritual, judicial entro otros programas que se estar\u00e1n implementando con el paso del tiempo, al igual estar\u00e1n colocando un comit\u00e9, el cual estar\u00e1 haciendo que se pueda continuar con el proyecto.<\/p>\n\n\n\n<p class=\"wp-block-paragraph\">Se espera que a partir de este mes se pueda trabajar en el tema y en el mes de junio se ponga en marcha la casa de la paz, por lo que es un proyecto que estar\u00e1 beneficiando a familias de todo la zona norte, al igual se estar\u00e1n implementando en el resto del estado, las cuales ser\u00e1n con el paso de los meses.<\/p>\n\n\n\n<p class=\"wp-block-paragraph\">Argument\u00f3 que se decidi\u00f3 que fuera Poza Rica, ya que debido al alto n\u00famero de casos que se han presentado en los \u00faltimos a\u00f1os, por lo que est\u00e9 es el avance de un proyecto que estar\u00e1 apoyando a las personas que cada d\u00eda sufren debido a que desconocen en donde se encuentran sus familiares.<\/p>\n\n\n\n<figure class=\"wp-block-gallery columns-1 wp-block-gallery-1 is-layout-flex wp-block-gallery-is-layout-flex\"><ul class=\"blocks-gallery-grid\"><li class=\"blocks-gallery-item\"><figure><img decoding=\"async\" src=\"https:\/\/www.enteratever.com\/2020\/wp-content\/uploads\/2021\/03\/WhatsApp-Image-2021-03-04-at-15.14.01.jpeg\" alt=\"\" data-id=\"38940\" data-full-url=\"https:\/\/www.enteratever.com\/2020\/wp-content\/uploads\/2021\/03\/WhatsApp-Image-2021-03-04-at-15.14.01.jpeg\" data-link=\"https:\/\/www.enteratever.com\/?attachment_id=38940\" class=\"wp-image-38940\"\/><\/figure><\/li><li class=\"blocks-gallery-item\"><figure><img decoding=\"async\" src=\"https:\/\/www.enteratever.com\/2020\/wp-content\/uploads\/2021\/03\/WhatsApp-Image-2021-03-04-at-15.14.02.jpeg\" alt=\"\" data-id=\"38941\" data-full-url=\"https:\/\/www.enteratever.com\/2020\/wp-content\/uploads\/2021\/03\/WhatsApp-Image-2021-03-04-at-15.14.02.jpeg\" data-link=\"https:\/\/www.enteratever.com\/?attachment_id=38941\" class=\"wp-image-38941\"\/><\/figure><\/li><li class=\"blocks-gallery-item\"><figure><img decoding=\"async\" src=\"https:\/\/www.enteratever.com\/2020\/wp-content\/uploads\/2021\/03\/WhatsApp-Image-2021-03-04-at-15.14.35.jpeg\" alt=\"\" data-id=\"38942\" data-full-url=\"https:\/\/www.enteratever.com\/2020\/wp-content\/uploads\/2021\/03\/WhatsApp-Image-2021-03-04-at-15.14.35.jpeg\" data-link=\"https:\/\/www.enteratever.com\/?attachment_id=38942\" class=\"wp-image-38942\"\/><\/figure><\/li><li class=\"blocks-gallery-item\"><figure><img decoding=\"async\" src=\"https:\/\/www.enteratever.com\/2020\/wp-content\/uploads\/2021\/03\/WhatsApp-Image-2021-03-04-at-15.14.36.jpeg\" alt=\"\" data-id=\"38943\" data-full-url=\"https:\/\/www.enteratever.com\/2020\/wp-content\/uploads\/2021\/03\/WhatsApp-Image-2021-03-04-at-15.14.36.jpeg\" data-link=\"https:\/\/www.enteratever.com\/?attachment_id=38943\" class=\"wp-image-38943\"\/><\/figure><\/li><\/ul><\/figure>\n","protected":false},"excerpt":{"rendered":"<p>Visitas: 2 Integrantes de la Delegaci\u00f3n General de Asuntos Religiosos a nivel federal y estatal con integrantes del los colectivos para poder dialogar y buscar alg\u00fan tipo de programa que pueda beneficiar a las personas que siguen buscando a sus familiares, as\u00ed mismo para la confirmaci\u00f3n de una casa de la paz, en la cual [&hellip;]<\/p>\n","protected":false},"author":4,"featured_media":173353,"comment_status":"open","ping_status":"open","sticky":false,"template":"","format":"standard","meta":{"footnotes":""},"categories":[213],"tags":[],"class_list":["post-173352","post","type-post","status-publish","format-standard","has-post-thumbnail","category-poza-rica"],"nelio_content":{"isAutoShareEnabled":true,"autoShareEndMode":"never","automationSources":{"useCustomSentences":false,"customSentences":[]},"followers":[],"suggestedReferences":[],"efiUrl":"","efiAlt":"","highlights":[],"permalinkQueryArgs":[],"series":[]},"_links":{"self":[{"href":"https:\/\/www.enteratever.com\/2023\/wp-json\/wp\/v2\/posts\/173352","targetHints":{"allow":["GET"]}}],"collection":[{"href":"https:\/\/www.enteratever.com\/2023\/wp-json\/wp\/v2\/posts"}],"about":[{"href":"https:\/\/www.enteratever.com\/2023\/wp-json\/wp\/v2\/types\/post"}],"author":[{"embeddable":true,"href":"https:\/\/www.enteratever.com\/2023\/wp-json\/wp\/v2\/users\/4"}],"replies":[{"embeddable":true,"href":"https:\/\/www.enteratever.com\/2023\/wp-json\/wp\/v2\/comments?post=173352"}],"version-history":[{"count":0,"href":"https:\/\/www.enteratever.com\/2023\/wp-json\/wp\/v2\/posts\/173352\/revisions"}],"wp:featuredmedia":[{"embeddable":true,"href":"https:\/\/www.enteratever.com\/2023\/wp-json\/wp\/v2\/media\/173353"}],"wp:attachment":[{"href":"https:\/\/www.enteratever.com\/2023\/wp-json\/wp\/v2\/media?parent=173352"}],"wp:term":[{"taxonomy":"category","embeddable":true,"href":"https:\/\/www.enteratever.com\/2023\/wp-json\/wp\/v2\/categories?post=173352"},{"taxonomy":"post_tag","embeddable":true,"href":"https:\/\/www.enteratever.com\/2023\/wp-json\/wp\/v2\/tags?post=173352"}],"curies":[{"name":"wp","href":"https:\/\/api.w.org\/{rel}","templated":true}]}}