{"id":173350,"date":"2021-03-04T19:22:37","date_gmt":"2021-03-04T19:22:37","guid":{"rendered":"https:\/\/www.enteratever.com\/2023\/comienzan-trabajos-de-reparacion-en-la-avenida-palmas\/"},"modified":"2021-03-04T19:22:37","modified_gmt":"2021-03-04T19:22:37","slug":"comienzan-trabajos-de-reparacion-en-la-avenida-palmas","status":"publish","type":"post","link":"https:\/\/www.enteratever.com\/2023\/2021\/03\/04\/comienzan-trabajos-de-reparacion-en-la-avenida-palmas\/","title":{"rendered":"Comienzan trabajos de reparaci\u00f3n en la avenida Palmas"},"content":{"rendered":"<p>Visitas: 0<\/p>\n<p class=\"wp-block-paragraph\">Poza Rica, Veracruz.- Tras darse a conocer del p\u00e9simo estado en el que se encontraba la avenida palmas, se comenzaron con los trabajos de reparaci\u00f3n, por lo que esta importante calle se mantendr\u00e1 cerrada de manera parcial, pues no tiene ni un a\u00f1o de que la Secretar\u00eda de Infraestructura y Obras P\u00fablicas (Siop) realiz\u00f3 una costosa reparaci\u00f3n ya que est\u00e1 se encontraba en mal estado.<\/p>\n\n\n\n<p class=\"wp-block-paragraph\">En su momento los vecinos se\u00f1alaron que la calle se mantuvo cerrada por m\u00e1s de un a\u00f1o, lo cual gener\u00f3 p\u00e9rdidas monetarias para muchos de los negocios que se encuentran cerca de esta importante avenida que conecta a varias colonias, por lo que consideran una burla por parte de la organizaci\u00f3n, ya que meten presupuestos s\u00faper elevados y el material es de muy mala calidad.<\/p>\n\n\n\n<p class=\"wp-block-paragraph\">Algunos colonos dijeron que la Siop solo ha hecho puras porquer\u00edas, ni el tiempo que mantuvieron el acceso, muchos de los comercios que se encontraban en el lugar, la mayor\u00eda tuvo que cerrar y algunos otros estuvieron a punto, por lo que consideran que mejor lo dejen as\u00ed.<\/p>\n\n\n\n<p class=\"wp-block-paragraph\">Por su parte los trabajadores se\u00f1alaron que en un periodo de 15 d\u00edas es el tiempo que se mantendr\u00e1 cerrado, por lo que piden a la poblaci\u00f3n que tomen sus precauciones y busquen caminos alternos a este, pues estar\u00e1n rompiendo el concreto hidr\u00e1ulico, para volver a poner una capa de cemento, esperando que con esto se solucione el problema.<\/p>\n\n\n\n<p class=\"wp-block-paragraph\">Se\u00f1alaron que hasta personas han perdido la vida, pues recordaron el cal del joven que conduc\u00eda su moto y en los topes que colocaron frente a la escuela Emiliano Zapata el muchacho sali\u00f3 volando y muri\u00f3, por lo que retiraron los topes, por lo que comentan que solo hacen puras cochinadas.<\/p>\n\n\n\n<figure class=\"wp-block-gallery columns-1 wp-block-gallery-1 is-layout-flex wp-block-gallery-is-layout-flex\"><ul class=\"blocks-gallery-grid\"><li class=\"blocks-gallery-item\"><figure><img decoding=\"async\" src=\"https:\/\/www.enteratever.com\/2020\/wp-content\/uploads\/2021\/03\/WhatsApp-Image-2021-03-04-at-12.48.36.jpeg\" alt=\"\" data-id=\"38887\" data-full-url=\"https:\/\/www.enteratever.com\/2020\/wp-content\/uploads\/2021\/03\/WhatsApp-Image-2021-03-04-at-12.48.36.jpeg\" data-link=\"https:\/\/www.enteratever.com\/?attachment_id=38887\" class=\"wp-image-38887\"\/><\/figure><\/li><li class=\"blocks-gallery-item\"><figure><img decoding=\"async\" src=\"https:\/\/www.enteratever.com\/2020\/wp-content\/uploads\/2021\/03\/WhatsApp-Image-2021-03-04-at-12.48.52.jpeg\" alt=\"\" data-id=\"38888\" data-full-url=\"https:\/\/www.enteratever.com\/2020\/wp-content\/uploads\/2021\/03\/WhatsApp-Image-2021-03-04-at-12.48.52.jpeg\" data-link=\"https:\/\/www.enteratever.com\/?attachment_id=38888\" class=\"wp-image-38888\"\/><\/figure><\/li><\/ul><\/figure>\n","protected":false},"excerpt":{"rendered":"<p>Visitas: 0 Poza Rica, Veracruz.- Tras darse a conocer del p\u00e9simo estado en el que se encontraba la avenida palmas, se comenzaron con los trabajos de reparaci\u00f3n, por lo que esta importante calle se mantendr\u00e1 cerrada de manera parcial, pues no tiene ni un a\u00f1o de que la Secretar\u00eda de Infraestructura y Obras P\u00fablicas (Siop) [&hellip;]<\/p>\n","protected":false},"author":4,"featured_media":173351,"comment_status":"open","ping_status":"open","sticky":false,"template":"","format":"standard","meta":{"footnotes":""},"categories":[213],"tags":[],"class_list":["post-173350","post","type-post","status-publish","format-standard","has-post-thumbnail","category-poza-rica"],"nelio_content":{"isAutoShareEnabled":true,"autoShareEndMode":"never","automationSources":{"useCustomSentences":false,"customSentences":[]},"followers":[],"suggestedReferences":[],"efiUrl":"","efiAlt":"","highlights":[],"permalinkQueryArgs":[],"series":[]},"_links":{"self":[{"href":"https:\/\/www.enteratever.com\/2023\/wp-json\/wp\/v2\/posts\/173350","targetHints":{"allow":["GET"]}}],"collection":[{"href":"https:\/\/www.enteratever.com\/2023\/wp-json\/wp\/v2\/posts"}],"about":[{"href":"https:\/\/www.enteratever.com\/2023\/wp-json\/wp\/v2\/types\/post"}],"author":[{"embeddable":true,"href":"https:\/\/www.enteratever.com\/2023\/wp-json\/wp\/v2\/users\/4"}],"replies":[{"embeddable":true,"href":"https:\/\/www.enteratever.com\/2023\/wp-json\/wp\/v2\/comments?post=173350"}],"version-history":[{"count":0,"href":"https:\/\/www.enteratever.com\/2023\/wp-json\/wp\/v2\/posts\/173350\/revisions"}],"wp:featuredmedia":[{"embeddable":true,"href":"https:\/\/www.enteratever.com\/2023\/wp-json\/wp\/v2\/media\/173351"}],"wp:attachment":[{"href":"https:\/\/www.enteratever.com\/2023\/wp-json\/wp\/v2\/media?parent=173350"}],"wp:term":[{"taxonomy":"category","embeddable":true,"href":"https:\/\/www.enteratever.com\/2023\/wp-json\/wp\/v2\/categories?post=173350"},{"taxonomy":"post_tag","embeddable":true,"href":"https:\/\/www.enteratever.com\/2023\/wp-json\/wp\/v2\/tags?post=173350"}],"curies":[{"name":"wp","href":"https:\/\/api.w.org\/{rel}","templated":true}]}}