{"id":173338,"date":"2021-03-02T22:41:23","date_gmt":"2021-03-02T22:41:23","guid":{"rendered":"https:\/\/www.enteratever.com\/2023\/arranca-el-pago-de-las-becas-del-ramo-033\/"},"modified":"2021-03-02T22:41:23","modified_gmt":"2021-03-02T22:41:23","slug":"arranca-el-pago-de-las-becas-del-ramo-033","status":"publish","type":"post","link":"https:\/\/www.enteratever.com\/2023\/2021\/03\/02\/arranca-el-pago-de-las-becas-del-ramo-033\/","title":{"rendered":"Arranca el pago de las becas del ramo 033"},"content":{"rendered":"<p>Visitas: 6<\/p>\n<p class=\"wp-block-paragraph\">Se comienza con el pago de becas del ramo 033 en escuelas de nivel b\u00e1sico, de acuerdo con Abelardo Aguirre Guerrero, director de desarrollo social y humano dijo que son m\u00e1s de dos mil 100 estudiantes los que ser\u00e1n beneficiados con el apoyo econ\u00f3mico, el cual tiene como objetivo el evitar que tanto ni\u00f1os y j\u00f3venes dejen de estudiar ante la falta de recursos econ\u00f3micos.<\/p>\n\n\n\n<p class=\"wp-block-paragraph\">En entrevista se\u00f1al\u00f3 que la entrega del beneficio dio comienzo la ma\u00f1ana de este martes dos de marzo, se estar\u00e1 entregando a los tutores de los menores para evitar que acudan y ponerlos en riesgo, se les est\u00e1 entregando un sobre con 450 pesos y una despensa que equivale a 288 pesos, dijo que se fue tan con ella poyo de los directivos de las instituciones.<\/p>\n\n\n\n<p class=\"wp-block-paragraph\">Coment\u00f3 que durante este 2021 se estar\u00e1n realizando tres entregas durante el a\u00f1o, ya que de acuerdo al sem\u00e1foro epidemiol\u00f3gico les permite realizar las entregas, pues fue al problema que se enfrentaron el a\u00f1o pasado, por lo que esperan que con el paso de los meses bajen los contagios y se pueda hacer sin ning\u00fan problema la entrega de los beneficios.<\/p>\n\n\n\n<p class=\"wp-block-paragraph\">Asimismo dio a conocer que se tuvo que realizar una depuraci\u00f3n de las listas que se tienen de los alumnos de las diferentes escuelas de la ciudad, pues hay ni\u00f1os que fueron dados de baja para cambiarlos de instituciones educativas por lo que ya no ser\u00e1n contemplados en la escuela y se les estar\u00e1 dando oportunidad a otros alumnos.<\/p>\n\n\n\n<p class=\"wp-block-paragraph\">Por \u00faltimo dijo que no necesariamente la beca se les da por su buen aprovechamiento acad\u00e9mico sino m\u00e1s bien se toma en cuenta la situaci\u00f3n econ\u00f3mica, si cuenta con alguna discapacidad, si son madres solteras, cuando son abandonados por sus padres, por lo que est\u00e9 a\u00f1o han tambi\u00e9n ha incrementado la matr\u00edcula.<\/p>\n\n\n\n<figure class=\"wp-block-gallery columns-1 wp-block-gallery-1 is-layout-flex wp-block-gallery-is-layout-flex\"><ul class=\"blocks-gallery-grid\"><li class=\"blocks-gallery-item\"><figure><img decoding=\"async\" src=\"https:\/\/www.enteratever.com\/2020\/wp-content\/uploads\/2021\/03\/WhatsApp-Image-2021-03-02-at-16.27.18.jpeg\" alt=\"\" data-id=\"38645\" data-full-url=\"https:\/\/www.enteratever.com\/2020\/wp-content\/uploads\/2021\/03\/WhatsApp-Image-2021-03-02-at-16.27.18.jpeg\" data-link=\"https:\/\/www.enteratever.com\/?attachment_id=38645\" class=\"wp-image-38645\"\/><\/figure><\/li><li class=\"blocks-gallery-item\"><figure><img decoding=\"async\" src=\"https:\/\/www.enteratever.com\/2020\/wp-content\/uploads\/2021\/03\/WhatsApp-Image-2021-03-02-at-16.27.19.jpeg\" alt=\"\" data-id=\"38646\" data-full-url=\"https:\/\/www.enteratever.com\/2020\/wp-content\/uploads\/2021\/03\/WhatsApp-Image-2021-03-02-at-16.27.19.jpeg\" data-link=\"https:\/\/www.enteratever.com\/?attachment_id=38646\" class=\"wp-image-38646\"\/><\/figure><\/li><\/ul><\/figure>\n","protected":false},"excerpt":{"rendered":"<p>Visitas: 6 Se comienza con el pago de becas del ramo 033 en escuelas de nivel b\u00e1sico, de acuerdo con Abelardo Aguirre Guerrero, director de desarrollo social y humano dijo que son m\u00e1s de dos mil 100 estudiantes los que ser\u00e1n beneficiados con el apoyo econ\u00f3mico, el cual tiene como objetivo el evitar que tanto [&hellip;]<\/p>\n","protected":false},"author":4,"featured_media":173339,"comment_status":"open","ping_status":"open","sticky":false,"template":"","format":"standard","meta":{"footnotes":""},"categories":[213],"tags":[],"class_list":["post-173338","post","type-post","status-publish","format-standard","has-post-thumbnail","category-poza-rica"],"nelio_content":{"isAutoShareEnabled":true,"autoShareEndMode":"never","automationSources":{"useCustomSentences":false,"customSentences":[]},"followers":[],"suggestedReferences":[],"efiUrl":"","efiAlt":"","highlights":[],"permalinkQueryArgs":[],"series":[]},"_links":{"self":[{"href":"https:\/\/www.enteratever.com\/2023\/wp-json\/wp\/v2\/posts\/173338","targetHints":{"allow":["GET"]}}],"collection":[{"href":"https:\/\/www.enteratever.com\/2023\/wp-json\/wp\/v2\/posts"}],"about":[{"href":"https:\/\/www.enteratever.com\/2023\/wp-json\/wp\/v2\/types\/post"}],"author":[{"embeddable":true,"href":"https:\/\/www.enteratever.com\/2023\/wp-json\/wp\/v2\/users\/4"}],"replies":[{"embeddable":true,"href":"https:\/\/www.enteratever.com\/2023\/wp-json\/wp\/v2\/comments?post=173338"}],"version-history":[{"count":0,"href":"https:\/\/www.enteratever.com\/2023\/wp-json\/wp\/v2\/posts\/173338\/revisions"}],"wp:featuredmedia":[{"embeddable":true,"href":"https:\/\/www.enteratever.com\/2023\/wp-json\/wp\/v2\/media\/173339"}],"wp:attachment":[{"href":"https:\/\/www.enteratever.com\/2023\/wp-json\/wp\/v2\/media?parent=173338"}],"wp:term":[{"taxonomy":"category","embeddable":true,"href":"https:\/\/www.enteratever.com\/2023\/wp-json\/wp\/v2\/categories?post=173338"},{"taxonomy":"post_tag","embeddable":true,"href":"https:\/\/www.enteratever.com\/2023\/wp-json\/wp\/v2\/tags?post=173338"}],"curies":[{"name":"wp","href":"https:\/\/api.w.org\/{rel}","templated":true}]}}