{"id":173332,"date":"2021-03-02T00:38:33","date_gmt":"2021-03-02T00:38:33","guid":{"rendered":"https:\/\/www.enteratever.com\/2023\/coalicion-hagamos-historia-en-veracruz-realizara-encuesta-para-elegir-sus-candidatos\/"},"modified":"2021-03-02T00:38:33","modified_gmt":"2021-03-02T00:38:33","slug":"coalicion-hagamos-historia-en-veracruz-realizara-encuesta-para-elegir-sus-candidatos","status":"publish","type":"post","link":"https:\/\/www.enteratever.com\/2023\/2021\/03\/02\/coalicion-hagamos-historia-en-veracruz-realizara-encuesta-para-elegir-sus-candidatos\/","title":{"rendered":"Coalici\u00f3n Hagamos Historia en Veracruz realizar\u00e1 encuesta para elegir sus candidatos"},"content":{"rendered":"<p>Visitas: 4<\/p>\n<p class=\"wp-block-paragraph\"><em>Aquellos que dejen el partido ser\u00e1n considerados traidores de la naci\u00f3n.<\/em><\/p>\n\n\n\n<p class=\"wp-block-paragraph\">Con el objetivo de que el Partido del Trabajo (PT)pueda asegurar el triunfo en el pr\u00f3ximo proceso electoral, se decidi\u00f3 implementar un convenio de coalici\u00f3n entre Morena, el Verde Ecologista y PT esto con el objetivo de que cada uno de los partidos pueda presentar a sus mejores representantes haya registrado, posteriormente se estar\u00e1 realizando una encuesta para que la ciudadan\u00eda pueda elegir por qui\u00e9n votar.<\/p>\n\n\n\n<p class=\"wp-block-paragraph\">De acuerdo con Ram\u00f3n D\u00edaz \u00c1vila, Comisionado Nacional para el Estado de Veracruz dijo que de acuerdo al sem\u00e1foro epidemiologico da como se estar\u00e1 aplicando el cuestionario, para aquellos municipios que se mantengan en rojo est\u00e1 se realizar\u00e1 a trav\u00e9s de v\u00eda telef\u00f3nica y en d\u00f3nde el color del sem\u00e1foro permita personal de una empresa que se decida a esto estar\u00e1 acudiendo a los hogares.<\/p>\n\n\n\n<p class=\"wp-block-paragraph\">Se\u00f1al\u00f3 que hasta el momento no cuentan con un candidato fijo, por lo que no puede dar nombres de las personas que est\u00e1n interesadas en representar al partido en los municipios de la entidad veracruzana, por lo que los partidos est\u00e1n en el periodo de poner a sus mejores representantes para que estos sean elegidos entre los tres agrupaciones pol\u00edticas.<\/p>\n\n\n\n<p class=\"wp-block-paragraph\">Se espera que para finales del mes de marzo las encuentras sean aplicadas por lo que esperan a que lleguen los resultados para que se re\u00fanan con los representantes de los partidos y se elija al candidato para el pr\u00f3ximo proceso electoral, el cual est\u00e1 considerado como el m\u00e1s importante de la d\u00e9cada, por lo que esperan que su gente sea la elegida.<\/p>\n\n\n\n<figure class=\"wp-block-image size-full\"><img decoding=\"async\" src=\"https:\/\/www.enteratever.com\/2020\/wp-content\/uploads\/2021\/03\/WhatsApp-Image-2021-03-01-at-17.14.16.jpeg\" alt=\"\" class=\"wp-image-38516\"\/><\/figure>\n\n\n\n<p class=\"wp-block-paragraph\">Aseguro que est\u00e1n a favor del proyecto del Presidente de la Rep\u00fablica Mexicana, Andr\u00e9s Manuel L\u00f3pez Obrador, por lo que quieren ganar de nuevo la gobernatura en el estado y la presidencia de la rep\u00fablica, es por eso que trabajan de la mano con los militantes de morena para que juntos puedan seguir con la cuarta transformaci\u00f3n.<\/p>\n\n\n\n<p class=\"wp-block-paragraph\">Mencion\u00f3 que cualquier militante del PT que deje el partido en estos momentos para irse a otro partido pol\u00edtico ser\u00e1 considerado traidor a la patria, pues durante muchos a\u00f1os se ha luchado para que Andr\u00e9s Manuel L\u00f3pez Obrador llegara a la Presidencia de la Rep\u00fablica como para que ahora desconozca la labor.<\/p>\n\n\n\n<p class=\"wp-block-paragraph\">En el evento estuvieron los aspirantes de la zona norte, los cuales apoyaron los que dijo Ram\u00f3n D\u00edaz \u00c1vila, cabe destacar que el evento se realiz\u00f3 con las medidas sanitarias pertinentes.<\/p>\n","protected":false},"excerpt":{"rendered":"<p>Visitas: 4 Aquellos que dejen el partido ser\u00e1n considerados traidores de la naci\u00f3n. Con el objetivo de que el Partido del Trabajo (PT)pueda asegurar el triunfo en el pr\u00f3ximo proceso electoral, se decidi\u00f3 implementar un convenio de coalici\u00f3n entre Morena, el Verde Ecologista y PT esto con el objetivo de que cada uno de los [&hellip;]<\/p>\n","protected":false},"author":4,"featured_media":173333,"comment_status":"open","ping_status":"open","sticky":false,"template":"","format":"standard","meta":{"footnotes":""},"categories":[213],"tags":[],"class_list":["post-173332","post","type-post","status-publish","format-standard","has-post-thumbnail","category-poza-rica"],"nelio_content":{"isAutoShareEnabled":true,"autoShareEndMode":"never","automationSources":{"useCustomSentences":false,"customSentences":[]},"followers":[],"suggestedReferences":[],"efiUrl":"","efiAlt":"","highlights":[],"permalinkQueryArgs":[],"series":[]},"_links":{"self":[{"href":"https:\/\/www.enteratever.com\/2023\/wp-json\/wp\/v2\/posts\/173332","targetHints":{"allow":["GET"]}}],"collection":[{"href":"https:\/\/www.enteratever.com\/2023\/wp-json\/wp\/v2\/posts"}],"about":[{"href":"https:\/\/www.enteratever.com\/2023\/wp-json\/wp\/v2\/types\/post"}],"author":[{"embeddable":true,"href":"https:\/\/www.enteratever.com\/2023\/wp-json\/wp\/v2\/users\/4"}],"replies":[{"embeddable":true,"href":"https:\/\/www.enteratever.com\/2023\/wp-json\/wp\/v2\/comments?post=173332"}],"version-history":[{"count":0,"href":"https:\/\/www.enteratever.com\/2023\/wp-json\/wp\/v2\/posts\/173332\/revisions"}],"wp:featuredmedia":[{"embeddable":true,"href":"https:\/\/www.enteratever.com\/2023\/wp-json\/wp\/v2\/media\/173333"}],"wp:attachment":[{"href":"https:\/\/www.enteratever.com\/2023\/wp-json\/wp\/v2\/media?parent=173332"}],"wp:term":[{"taxonomy":"category","embeddable":true,"href":"https:\/\/www.enteratever.com\/2023\/wp-json\/wp\/v2\/categories?post=173332"},{"taxonomy":"post_tag","embeddable":true,"href":"https:\/\/www.enteratever.com\/2023\/wp-json\/wp\/v2\/tags?post=173332"}],"curies":[{"name":"wp","href":"https:\/\/api.w.org\/{rel}","templated":true}]}}