{"id":173330,"date":"2021-03-02T00:08:29","date_gmt":"2021-03-02T00:08:29","guid":{"rendered":"https:\/\/www.enteratever.com\/2023\/tribunal-electoral-determinara-que-pasara-con-los-aspirantes-de-morena\/"},"modified":"2021-03-02T00:08:29","modified_gmt":"2021-03-02T00:08:29","slug":"tribunal-electoral-determinara-que-pasara-con-los-aspirantes-de-morena","status":"publish","type":"post","link":"https:\/\/www.enteratever.com\/2023\/2021\/03\/02\/tribunal-electoral-determinara-que-pasara-con-los-aspirantes-de-morena\/","title":{"rendered":"Tribunal Electoral determinar\u00e1 que pasar\u00e1 con los aspirantes de Morena"},"content":{"rendered":"<p>Visitas: 9<\/p>\n<p class=\"wp-block-paragraph\">Poza Rica, Veracruz.- Luego de que Emilio Olvera Andrade, Delegado Regional de Programas Sociales del Bienestar interpusiera una denuncia contra Selene Morgado, y Jos\u00e9 Dur\u00e1n los cuales son aspirantes a la diputaci\u00f3n local y federal de este distrito ante los actos anticipados de campa\u00f1a y estar lucrando con las vacunas.<\/p>\n\n\n\n<p class=\"wp-block-paragraph\">La ma\u00f1ana de este lunes primero de marzo acudieron a las instalaciones del V Consejo Distrital del Instituto Nacional Electoral (INE) para comparecer, por lo que ser\u00e1n los integrantes del Tribunal Electoral del Poder Judicial de la Federaci\u00f3n ser\u00e1 la encargada de determinar si interviene la denuncia puesta por Emilio Olvera.<\/p>\n\n\n\n<p class=\"wp-block-paragraph\">De acuerdo con Everardo Demetrio P\u00e9rez Guti\u00e9rrez, presidente del organismo se\u00f1al\u00f3 que hasta el momento son los \u00fanicos dos casos reportados, pero estar\u00e1n pendientes, ya que el Ople solicit\u00f3 a los partidos pol\u00edticos que no lucraran con las dosis, por lo que los aspirantes no respetaron y colocaron un m\u00f3dulo para apoyar a las personas de la tercera edad.<\/p>\n\n\n\n<figure class=\"wp-block-image size-full\"><img decoding=\"async\" src=\"https:\/\/www.enteratever.com\/2020\/wp-content\/uploads\/2021\/03\/WhatsApp-Image-2021-03-01-at-16.19.20.jpeg\" alt=\"\" class=\"wp-image-38508\"\/><\/figure>\n\n\n\n<p class=\"wp-block-paragraph\">Los se\u00f1alados confirmaron que el proceso especial sancionador no estar\u00e1 procediendo, ya que aseguraron que no cuentan con las pruebas y fundamentos necesario, adem\u00e1s de que en ning\u00fan momento estuvieron promoviendo el voto para morena, pues el \u00fanico objetivo de esto era apoyar a las personas de la tercera edad.<\/p>\n\n\n\n<p class=\"wp-block-paragraph\">Cabe se\u00f1alar que en d\u00edas pasados los aspirantes a trav\u00e9s de Facebook hicieron publica est\u00e1 acci\u00f3n, por lo que los comentarios en contra no se hicieron esperar, por lo que pudieron la intervenci\u00f3n de las autoridades correspondientes para denunciar estos actos, por lo que \u00e9l delegado regional de programas sociales acudi\u00f3 a levantar una denuncia en d\u00edas pasados.<\/p>\n","protected":false},"excerpt":{"rendered":"<p>Visitas: 9 Poza Rica, Veracruz.- Luego de que Emilio Olvera Andrade, Delegado Regional de Programas Sociales del Bienestar interpusiera una denuncia contra Selene Morgado, y Jos\u00e9 Dur\u00e1n los cuales son aspirantes a la diputaci\u00f3n local y federal de este distrito ante los actos anticipados de campa\u00f1a y estar lucrando con las vacunas. La ma\u00f1ana de [&hellip;]<\/p>\n","protected":false},"author":4,"featured_media":173331,"comment_status":"open","ping_status":"open","sticky":false,"template":"","format":"standard","meta":{"footnotes":""},"categories":[213],"tags":[],"class_list":["post-173330","post","type-post","status-publish","format-standard","has-post-thumbnail","category-poza-rica"],"nelio_content":{"isAutoShareEnabled":true,"autoShareEndMode":"never","automationSources":{"useCustomSentences":false,"customSentences":[]},"followers":[],"suggestedReferences":[],"efiUrl":"","efiAlt":"","highlights":[],"permalinkQueryArgs":[],"series":[]},"_links":{"self":[{"href":"https:\/\/www.enteratever.com\/2023\/wp-json\/wp\/v2\/posts\/173330","targetHints":{"allow":["GET"]}}],"collection":[{"href":"https:\/\/www.enteratever.com\/2023\/wp-json\/wp\/v2\/posts"}],"about":[{"href":"https:\/\/www.enteratever.com\/2023\/wp-json\/wp\/v2\/types\/post"}],"author":[{"embeddable":true,"href":"https:\/\/www.enteratever.com\/2023\/wp-json\/wp\/v2\/users\/4"}],"replies":[{"embeddable":true,"href":"https:\/\/www.enteratever.com\/2023\/wp-json\/wp\/v2\/comments?post=173330"}],"version-history":[{"count":0,"href":"https:\/\/www.enteratever.com\/2023\/wp-json\/wp\/v2\/posts\/173330\/revisions"}],"wp:featuredmedia":[{"embeddable":true,"href":"https:\/\/www.enteratever.com\/2023\/wp-json\/wp\/v2\/media\/173331"}],"wp:attachment":[{"href":"https:\/\/www.enteratever.com\/2023\/wp-json\/wp\/v2\/media?parent=173330"}],"wp:term":[{"taxonomy":"category","embeddable":true,"href":"https:\/\/www.enteratever.com\/2023\/wp-json\/wp\/v2\/categories?post=173330"},{"taxonomy":"post_tag","embeddable":true,"href":"https:\/\/www.enteratever.com\/2023\/wp-json\/wp\/v2\/tags?post=173330"}],"curies":[{"name":"wp","href":"https:\/\/api.w.org\/{rel}","templated":true}]}}