{"id":173319,"date":"2021-02-26T23:37:08","date_gmt":"2021-02-26T23:37:08","guid":{"rendered":"https:\/\/www.enteratever.com\/2023\/personal-del-hospital-regional-de-poza-rica-se-manifiestan-en-contra-del-director\/"},"modified":"2021-02-26T23:37:08","modified_gmt":"2021-02-26T23:37:08","slug":"personal-del-hospital-regional-de-poza-rica-se-manifiestan-en-contra-del-director","status":"publish","type":"post","link":"https:\/\/www.enteratever.com\/2023\/2021\/02\/26\/personal-del-hospital-regional-de-poza-rica-se-manifiestan-en-contra-del-director\/","title":{"rendered":"Personal del Hospital Regional de Poza Rica se manifiestan en contra del director"},"content":{"rendered":"<p>Visitas: 5<\/p>\n<p class=\"wp-block-paragraph\"><em>Cansadas del hostigamiento personal de salud levanta la voz<\/em><\/p>\n\n\n\n<p class=\"wp-block-paragraph\">Poza Rica, Veracruz.- Personal medico y de algunas otras \u00e1reas del Hospital Regional de Poza Rica se manifestaron esto ante el constante acoso que reciben por el director Rub\u00e9n Eduardo V\u00e1zquez Garc\u00eda y por parte del administrador Renato Santes Reyes, cansadas de las anomal\u00edas a las que se han tenido que enfrentar desde que llegaron a tomar dichos cargos.<\/p>\n\n\n\n<iframe loading=\"lazy\" src=\"https:\/\/www.facebook.com\/plugins\/video.php?height=314&#038;href=https%3A%2F%2Fwww.facebook.com%2FEnteratevercom%2Fvideos%2F2935821233297449%2F&#038;show_text=false&#038;width=560\" width=\"560\" height=\"314\" style=\"border:none;overflow:hidden\" scrolling=\"no\" frameborder=\"0\" allowfullscreen=\"true\" allow=\"autoplay; clipboard-write; encrypted-media; picture-in-picture; web-share\" allowFullScreen=\"true\"><\/iframe>\n\n\n\n<p class=\"wp-block-paragraph\">De acuerdo con Mar\u00eda Mendoza qui\u00e9n es enfermedad y que se ha visto afectada se\u00f1al\u00f3 que personal de IPAX las vigilan, les tan fotos y las acusan con el doctor, adem\u00e1s de que el personal de confianza tambi\u00e9n hacen estas acciones, por lo que pareciera que el personal que tiene hasta 12 a\u00f1os prestando un servicio al hospital fueran a robar material el cual no tienen, ya que cuando solicitan no les quieren dar y cuando les otorgan se los dan reducido.<\/p>\n\n\n\n<p class=\"wp-block-paragraph\">Est\u00e1s acciones no so es con las enfermeras, tambi\u00e9n algunos doctores son v\u00edctimas de est\u00e1s situaciones, por lo que cansados de esta situaci\u00f3n decidieron dar a conocer todas estas acciones, las quejosas comentaron que durante este d\u00eda muchos recibieron llamadas de amenazas por parte del personal de confianza que si acud\u00edan a la manifestaci\u00f3n los estar\u00edan desconocido cuando presentar\u00e1n problemas, por lo que muchos por temor decidieron no acudir.<\/p>\n\n\n\n<p class=\"wp-block-paragraph\">Entre las afectadas se encontraban personal que durante 12 a\u00f1os han estado trabajando sin contrato, a las cuales durante la administraci\u00f3n del director V\u00e1zquez Garc\u00eda las obligaban a trabajar jornadas de m\u00e1s de 24 horas y no les pagan las horas extras, las cuales meses a tras recibieron la notificaci\u00f3n que no requer\u00edan de sus trabajo y las corrieron, por lo que consideran injusto por qu\u00e9 metieron a personas que no cuenta con los conocimientos solo por que son familiares y conocidos del director y encargado.<\/p>\n\n\n\n<p class=\"wp-block-paragraph\">As\u00ed mismo destacaron que el personal medico que entra a zona Covid no ha sido vacunada, ya que hay un favoritismo y al poco que en verdad requieren la vacuna los enviaron hasta Tuxpan cuando Poza Rica es la sede, por lo que piden la intervenci\u00f3n de los representantes de los sindicatos a los que pertenecen para que atiendan sus peticiones por qu\u00e9 ya no soportan la situaci\u00f3n.<\/p>\n\n\n\n<p class=\"wp-block-paragraph\">Algunas de las enfermeras con lagrimas en los ojos se\u00f1alaron que el director han discriminado su trabajo, \u00bb nos dice que antes de que el llegar\u00e1 el servicio era p\u00e9simo, cuando ellas siempre se han esforzado por siempre atender a las personas como se debe\u00bb exclamaron, comentan que muchas veces son ellas mismas las que tiene que comprar el material por qu\u00e9 el hospital.<\/p>\n\n\n\n<p class=\"wp-block-paragraph\">Mencionaron que anteriormente hab\u00edan hecho una manifestaci\u00f3n y las participantes de esta fueron castigadas, por lo que no dudan que en esta ocasi\u00f3n vuelva a pasar lo mismo, pero ya no soportan el hostigamiento, pero tienes que hacer saber lo que pasa, pues en espacios peque\u00f1os hay hasta seis c\u00e1mara de vigilancia, fuera del hospital tambi\u00e9n tiene para saber lo que hacen.<\/p>\n\n\n\n<p class=\"wp-block-paragraph\">Al momento de estar declarando personal de confianza arribaron para fotografiar a las personas que se encontraban manifestando, por lo que est\u00e1n seguros que estar\u00e1n siendo llamados a la oficina del director ya que ni los jefes de los departamentos son tomados en cuenta para la cuesti\u00f3n de llamadas de atenci\u00f3n.<\/p>\n\n\n\n<figure class=\"wp-block-gallery columns-3 wp-block-gallery-1 is-layout-flex wp-block-gallery-is-layout-flex\"><ul class=\"blocks-gallery-grid\"><li class=\"blocks-gallery-item\"><figure><img decoding=\"async\" src=\"https:\/\/www.enteratever.com\/2020\/wp-content\/uploads\/2021\/02\/WhatsApp-Image-2021-02-26-at-17.21.35-1024x1024.jpeg\" alt=\"\" data-id=\"38372\" data-full-url=\"https:\/\/www.enteratever.com\/2020\/wp-content\/uploads\/2021\/02\/WhatsApp-Image-2021-02-26-at-17.21.35.jpeg\" data-link=\"https:\/\/www.enteratever.com\/?attachment_id=38372\" class=\"wp-image-38372\"\/><\/figure><\/li><li class=\"blocks-gallery-item\"><figure><img decoding=\"async\" src=\"https:\/\/www.enteratever.com\/2020\/wp-content\/uploads\/2021\/02\/WhatsApp-Image-2021-02-26-at-17.21.36-1024x1024.jpeg\" alt=\"\" data-id=\"38373\" data-full-url=\"https:\/\/www.enteratever.com\/2020\/wp-content\/uploads\/2021\/02\/WhatsApp-Image-2021-02-26-at-17.21.36.jpeg\" data-link=\"https:\/\/www.enteratever.com\/?attachment_id=38373\" class=\"wp-image-38373\"\/><\/figure><\/li><li class=\"blocks-gallery-item\"><figure><img decoding=\"async\" src=\"https:\/\/www.enteratever.com\/2020\/wp-content\/uploads\/2021\/02\/WhatsApp-Image-2021-02-26-at-17.21.37-1024x1024.jpeg\" alt=\"\" data-id=\"38374\" data-full-url=\"https:\/\/www.enteratever.com\/2020\/wp-content\/uploads\/2021\/02\/WhatsApp-Image-2021-02-26-at-17.21.37.jpeg\" data-link=\"https:\/\/www.enteratever.com\/?attachment_id=38374\" class=\"wp-image-38374\"\/><\/figure><\/li><li class=\"blocks-gallery-item\"><figure><img decoding=\"async\" src=\"https:\/\/www.enteratever.com\/2020\/wp-content\/uploads\/2021\/02\/WhatsApp-Image-2021-02-26-at-17.21.38-1024x1024.jpeg\" alt=\"\" data-id=\"38375\" data-full-url=\"https:\/\/www.enteratever.com\/2020\/wp-content\/uploads\/2021\/02\/WhatsApp-Image-2021-02-26-at-17.21.38.jpeg\" data-link=\"https:\/\/www.enteratever.com\/?attachment_id=38375\" class=\"wp-image-38375\"\/><\/figure><\/li><li class=\"blocks-gallery-item\"><figure><img decoding=\"async\" src=\"https:\/\/www.enteratever.com\/2020\/wp-content\/uploads\/2021\/02\/WhatsApp-Image-2021-02-26-at-17.21.39-1024x1024.jpeg\" alt=\"\" data-id=\"38376\" data-full-url=\"https:\/\/www.enteratever.com\/2020\/wp-content\/uploads\/2021\/02\/WhatsApp-Image-2021-02-26-at-17.21.39.jpeg\" data-link=\"https:\/\/www.enteratever.com\/?attachment_id=38376\" class=\"wp-image-38376\"\/><\/figure><\/li><li class=\"blocks-gallery-item\"><figure><img decoding=\"async\" src=\"https:\/\/www.enteratever.com\/2020\/wp-content\/uploads\/2021\/02\/WhatsApp-Image-2021-02-26-at-17.21.40-1024x1024.jpeg\" alt=\"\" data-id=\"38378\" data-full-url=\"https:\/\/www.enteratever.com\/2020\/wp-content\/uploads\/2021\/02\/WhatsApp-Image-2021-02-26-at-17.21.40.jpeg\" data-link=\"https:\/\/www.enteratever.com\/?attachment_id=38378\" class=\"wp-image-38378\"\/><\/figure><\/li><\/ul><\/figure>\n","protected":false},"excerpt":{"rendered":"<p>Visitas: 5 Cansadas del hostigamiento personal de salud levanta la voz Poza Rica, Veracruz.- Personal medico y de algunas otras \u00e1reas del Hospital Regional de Poza Rica se manifestaron esto ante el constante acoso que reciben por el director Rub\u00e9n Eduardo V\u00e1zquez Garc\u00eda y por parte del administrador Renato Santes Reyes, cansadas de las anomal\u00edas [&hellip;]<\/p>\n","protected":false},"author":4,"featured_media":173320,"comment_status":"open","ping_status":"open","sticky":false,"template":"","format":"standard","meta":{"footnotes":""},"categories":[213],"tags":[],"class_list":["post-173319","post","type-post","status-publish","format-standard","has-post-thumbnail","category-poza-rica"],"nelio_content":{"isAutoShareEnabled":true,"autoShareEndMode":"never","automationSources":{"useCustomSentences":false,"customSentences":[]},"followers":[],"suggestedReferences":[],"efiUrl":"","efiAlt":"","highlights":[],"permalinkQueryArgs":[],"series":[]},"_links":{"self":[{"href":"https:\/\/www.enteratever.com\/2023\/wp-json\/wp\/v2\/posts\/173319","targetHints":{"allow":["GET"]}}],"collection":[{"href":"https:\/\/www.enteratever.com\/2023\/wp-json\/wp\/v2\/posts"}],"about":[{"href":"https:\/\/www.enteratever.com\/2023\/wp-json\/wp\/v2\/types\/post"}],"author":[{"embeddable":true,"href":"https:\/\/www.enteratever.com\/2023\/wp-json\/wp\/v2\/users\/4"}],"replies":[{"embeddable":true,"href":"https:\/\/www.enteratever.com\/2023\/wp-json\/wp\/v2\/comments?post=173319"}],"version-history":[{"count":0,"href":"https:\/\/www.enteratever.com\/2023\/wp-json\/wp\/v2\/posts\/173319\/revisions"}],"wp:featuredmedia":[{"embeddable":true,"href":"https:\/\/www.enteratever.com\/2023\/wp-json\/wp\/v2\/media\/173320"}],"wp:attachment":[{"href":"https:\/\/www.enteratever.com\/2023\/wp-json\/wp\/v2\/media?parent=173319"}],"wp:term":[{"taxonomy":"category","embeddable":true,"href":"https:\/\/www.enteratever.com\/2023\/wp-json\/wp\/v2\/categories?post=173319"},{"taxonomy":"post_tag","embeddable":true,"href":"https:\/\/www.enteratever.com\/2023\/wp-json\/wp\/v2\/tags?post=173319"}],"curies":[{"name":"wp","href":"https:\/\/api.w.org\/{rel}","templated":true}]}}