{"id":173309,"date":"2021-02-25T21:50:49","date_gmt":"2021-02-25T21:50:49","guid":{"rendered":"https:\/\/www.enteratever.com\/2023\/ivm-implementa-mesas-de-trabajo-en-poza-rica\/"},"modified":"2021-02-25T21:50:49","modified_gmt":"2021-02-25T21:50:49","slug":"ivm-implementa-mesas-de-trabajo-en-poza-rica","status":"publish","type":"post","link":"https:\/\/www.enteratever.com\/2023\/2021\/02\/25\/ivm-implementa-mesas-de-trabajo-en-poza-rica\/","title":{"rendered":"IVM implementa mesas de trabajo en Poza Rica"},"content":{"rendered":"<p>Visitas: 5<\/p>\n<p class=\"wp-block-paragraph\"><em>Se necesita una casa de seguridad para mujeres en Poza Rica.<\/em><\/p>\n\n\n\n<p class=\"wp-block-paragraph\">Poza Rica, Veracruz.- Ante el incremento de casos de violencia hacia las mujeres, la ma\u00f1ana de este jueves 25 de febrero se realiz\u00f3 una mesa de trabajo con personal del Instituto Veracruzano de la Mujer (IVM) para que las mujeres pudieran acercarse y solicitar el apoyo en caso de sufrir alg\u00fan tipo de violencia, al igual estuvieron realizando un recorrido por el centro de la ciudad.<\/p>\n\n\n\n<p class=\"wp-block-paragraph\">De acuerdo con Rocio Villafuerte Mart\u00ednez secretaria ejecutiva del IVM, se\u00f1al\u00f3 que muchas veces las titulares de los institutos se enfrentan a videos obst\u00e1culos, como el desinter\u00e9s por parte del personal de las fiscal\u00edas por atender este tipo de situaciones, por lo que juntas trabajan para brindar el apoyo a las mujeres agredidas.<\/p>\n\n\n\n<p class=\"wp-block-paragraph\">Al igual se\u00f1al\u00f3 que en el caso de Poza Rica es necesario contar con un lugar apropiado en donde poder llevar las mujeres que son v\u00edctimas de agresi\u00f3n y que en laguna casos son amenazadas hasta de muerte, pero por diferente motivos no han podido crear est\u00e1 casa de seguridad para mujeres, la cual estar\u00eda beneficiando a mujeres de la regi\u00f3n norte del estado.<\/p>\n\n\n\n<p class=\"wp-block-paragraph\">Villafuerte Mart\u00ednez manifest\u00f3 que ha sido un a\u00f1o muy complicado e muchos aspectos pues en el estado y en espec\u00edfico en la ciudad existe un alto \u00edndice de violencia hacia las mujeres, es por eso que como parte de las estrategias implementadas por el IVM est\u00e1n las meses de trabajo, en donde se brinda informaci\u00f3n y apoyo a la mujeres que sufren alg\u00fan tipo de violencia.<\/p>\n\n\n\n<p class=\"wp-block-paragraph\">En el evento estuvieron participando el Instituto Municipal de la Mujer (IMM) elementos de la polic\u00eda municipal, adem\u00e1s de que el d\u00eda de ma\u00f1ana 26 de febrero se tendr\u00e1 una reuni\u00f3n con la fiscal del estado para tratar los temas de violencia hacia la mujer, por lo que se espera que con esto se incremente la vigilancia al tema de agresi\u00f3n a las ciudadanas.<\/p>\n\n\n\n<figure class=\"wp-block-gallery columns-1 wp-block-gallery-1 is-layout-flex wp-block-gallery-is-layout-flex\"><ul class=\"blocks-gallery-grid\"><li class=\"blocks-gallery-item\"><figure><img decoding=\"async\" src=\"https:\/\/www.enteratever.com\/2020\/wp-content\/uploads\/2021\/02\/WhatsApp-Image-2021-02-25-at-15.37.03.jpeg\" alt=\"\" data-id=\"38127\" data-full-url=\"https:\/\/www.enteratever.com\/2020\/wp-content\/uploads\/2021\/02\/WhatsApp-Image-2021-02-25-at-15.37.03.jpeg\" data-link=\"https:\/\/www.enteratever.com\/?attachment_id=38127\" class=\"wp-image-38127\"\/><\/figure><\/li><li class=\"blocks-gallery-item\"><figure><img decoding=\"async\" src=\"https:\/\/www.enteratever.com\/2020\/wp-content\/uploads\/2021\/02\/WhatsApp-Image-2021-02-25-at-15.38.31.jpeg\" alt=\"\" data-id=\"38128\" data-full-url=\"https:\/\/www.enteratever.com\/2020\/wp-content\/uploads\/2021\/02\/WhatsApp-Image-2021-02-25-at-15.38.31.jpeg\" data-link=\"https:\/\/www.enteratever.com\/?attachment_id=38128\" class=\"wp-image-38128\"\/><\/figure><\/li><li class=\"blocks-gallery-item\"><figure><img decoding=\"async\" src=\"https:\/\/www.enteratever.com\/2020\/wp-content\/uploads\/2021\/02\/WhatsApp-Image-2021-02-25-at-15.38.37.jpeg\" alt=\"\" data-id=\"38129\" data-full-url=\"https:\/\/www.enteratever.com\/2020\/wp-content\/uploads\/2021\/02\/WhatsApp-Image-2021-02-25-at-15.38.37.jpeg\" data-link=\"https:\/\/www.enteratever.com\/?attachment_id=38129\" class=\"wp-image-38129\"\/><\/figure><\/li><li class=\"blocks-gallery-item\"><figure><img decoding=\"async\" src=\"https:\/\/www.enteratever.com\/2020\/wp-content\/uploads\/2021\/02\/WhatsApp-Image-2021-02-25-at-15.38.38.jpeg\" alt=\"\" data-id=\"38130\" data-full-url=\"https:\/\/www.enteratever.com\/2020\/wp-content\/uploads\/2021\/02\/WhatsApp-Image-2021-02-25-at-15.38.38.jpeg\" data-link=\"https:\/\/www.enteratever.com\/?attachment_id=38130\" class=\"wp-image-38130\"\/><\/figure><\/li><\/ul><\/figure>\n","protected":false},"excerpt":{"rendered":"<p>Visitas: 5 Se necesita una casa de seguridad para mujeres en Poza Rica. Poza Rica, Veracruz.- Ante el incremento de casos de violencia hacia las mujeres, la ma\u00f1ana de este jueves 25 de febrero se realiz\u00f3 una mesa de trabajo con personal del Instituto Veracruzano de la Mujer (IVM) para que las mujeres pudieran acercarse [&hellip;]<\/p>\n","protected":false},"author":4,"featured_media":173310,"comment_status":"open","ping_status":"open","sticky":false,"template":"","format":"standard","meta":{"footnotes":""},"categories":[213],"tags":[],"class_list":["post-173309","post","type-post","status-publish","format-standard","has-post-thumbnail","category-poza-rica"],"nelio_content":{"isAutoShareEnabled":true,"autoShareEndMode":"never","automationSources":{"useCustomSentences":false,"customSentences":[]},"followers":[],"suggestedReferences":[],"efiUrl":"","efiAlt":"","highlights":[],"permalinkQueryArgs":[],"series":[]},"_links":{"self":[{"href":"https:\/\/www.enteratever.com\/2023\/wp-json\/wp\/v2\/posts\/173309","targetHints":{"allow":["GET"]}}],"collection":[{"href":"https:\/\/www.enteratever.com\/2023\/wp-json\/wp\/v2\/posts"}],"about":[{"href":"https:\/\/www.enteratever.com\/2023\/wp-json\/wp\/v2\/types\/post"}],"author":[{"embeddable":true,"href":"https:\/\/www.enteratever.com\/2023\/wp-json\/wp\/v2\/users\/4"}],"replies":[{"embeddable":true,"href":"https:\/\/www.enteratever.com\/2023\/wp-json\/wp\/v2\/comments?post=173309"}],"version-history":[{"count":0,"href":"https:\/\/www.enteratever.com\/2023\/wp-json\/wp\/v2\/posts\/173309\/revisions"}],"wp:featuredmedia":[{"embeddable":true,"href":"https:\/\/www.enteratever.com\/2023\/wp-json\/wp\/v2\/media\/173310"}],"wp:attachment":[{"href":"https:\/\/www.enteratever.com\/2023\/wp-json\/wp\/v2\/media?parent=173309"}],"wp:term":[{"taxonomy":"category","embeddable":true,"href":"https:\/\/www.enteratever.com\/2023\/wp-json\/wp\/v2\/categories?post=173309"},{"taxonomy":"post_tag","embeddable":true,"href":"https:\/\/www.enteratever.com\/2023\/wp-json\/wp\/v2\/tags?post=173309"}],"curies":[{"name":"wp","href":"https:\/\/api.w.org\/{rel}","templated":true}]}}