{"id":173303,"date":"2021-02-24T19:47:22","date_gmt":"2021-02-24T19:47:22","guid":{"rendered":"https:\/\/www.enteratever.com\/2023\/cumbre-tajin-en-linea-generara-afectaciones-a-hoteleros\/"},"modified":"2021-02-24T19:47:22","modified_gmt":"2021-02-24T19:47:22","slug":"cumbre-tajin-en-linea-generara-afectaciones-a-hoteleros","status":"publish","type":"post","link":"https:\/\/www.enteratever.com\/2023\/2021\/02\/24\/cumbre-tajin-en-linea-generara-afectaciones-a-hoteleros\/","title":{"rendered":"Cumbre Taj\u00edn en l\u00ednea generar\u00e1 afectaciones a hoteleros"},"content":{"rendered":"<p>Visitas: 0<\/p>\n<p class=\"wp-block-paragraph\"><em>Temen que sigan incrementando el n\u00famero de hoteles cerrados en la ciudad.<\/em><\/p>\n\n\n\n<p class=\"wp-block-paragraph\">Poza Rica, Veracruz.- Ante la posibilidad de que Cumbre Taj\u00edn sea a trav\u00e9s de l\u00ednea, hoteleros de la ciudad se\u00f1alan que esto estar\u00e1 generando otro golpe duro a la econom\u00eda, pues con la cancelaci\u00f3n de eventos sociales, la paralizaci\u00f3n de la econom\u00eda y la falta de visitantes a la regi\u00f3n estar\u00e1 ocasionado que el cierre de m\u00e1s hoteles, as\u00ed lo dio a conocer Cecilia Uresti Villegas, presidenta de la Asociaci\u00f3n de Hoteles, Moteles y Prestadores de Servicios Tur\u00edsticos de la Regi\u00f3n Totonaca de Veracruz.<\/p>\n\n\n\n<p class=\"wp-block-paragraph\">De acuerdo con la presidenta se\u00f1al\u00f3 que es necesario la reactivaci\u00f3n econ\u00f3mica, por lo que las autoridades municipales y estatales pudieran realizar alg\u00fan evento cultural con las medidas sanitarias pertinentes, ya que est\u00e1 ser\u00eda muy buena forma en la que pudieran reactivar la econom\u00eda de la ciudad y de la regi\u00f3n.<\/p>\n\n\n\n<p class=\"wp-block-paragraph\">Uresti Villegas dijo que con el cambio del sem\u00e1foro epidemiol\u00f3gico pueden realizar actividades culturales, ya que llevan un a\u00f1o sin poder trabajar con la normalidad, pues la cuesti\u00f3n hotelera se encuentran a un 15 por ciento en ocupaci\u00f3n, cuando en otros a\u00f1os ya ten\u00eda reservado en su totalidad, por lo que se han visto un desinter\u00e9s por parte de las autoridades estatales y municipales.<\/p>\n\n\n\n<figure class=\"wp-block-image size-full\"><img decoding=\"async\" src=\"https:\/\/www.enteratever.com\/2020\/wp-content\/uploads\/2021\/02\/WhatsApp-Image-2021-02-24-at-13.20.55.jpeg\" alt=\"\" class=\"wp-image-37908\"\/><\/figure>\n\n\n\n<p class=\"wp-block-paragraph\">Se\u00f1al\u00f3 que durante el 14 de febrero las ventas estuvieron muy bajas, por lo que se encuentran trabajando con n\u00fameros rojos, por lo que varios due\u00f1os de hoteles est\u00e1n en riesgo se cerrar sus puertas de manera oficial, por lo que estar\u00eda generando que incremente el desempleo.<\/p>\n\n\n\n<p class=\"wp-block-paragraph\">As\u00ed mismo destac\u00f3 que el \u00fanico apoyo que han recibido por las autoridades federales solo otorgaron mil pesos a los trabajados esto como apoyo, los cuales no fueron de gran utilidad ya que todos los productos de la canasta b\u00e1sica han incrementado sus precios a dem\u00e1s de que tiene otros gastos, como pago de servicios b\u00e1sicos, colegiaturas, internet, entre otros.<\/p>\n\n\n\n<p class=\"wp-block-paragraph\">Cabe destacar que hasta el momento no es un hecho que el festival se realice a trav\u00e9s de l\u00ednea, pero en entrevistas pasadas la Secretar\u00eda de Turismo, Xochitl Arbesu Lago dio a conocer que ante la pandemia la edici\u00f3n de este a\u00f1o de Cumbre Taj\u00edn podr\u00eda ser a a rev\u00e9s de Facebook, esto para no dejar morir el evento.<\/p>\n","protected":false},"excerpt":{"rendered":"<p>Visitas: 0 Temen que sigan incrementando el n\u00famero de hoteles cerrados en la ciudad. Poza Rica, Veracruz.- Ante la posibilidad de que Cumbre Taj\u00edn sea a trav\u00e9s de l\u00ednea, hoteleros de la ciudad se\u00f1alan que esto estar\u00e1 generando otro golpe duro a la econom\u00eda, pues con la cancelaci\u00f3n de eventos sociales, la paralizaci\u00f3n de la [&hellip;]<\/p>\n","protected":false},"author":4,"featured_media":173304,"comment_status":"open","ping_status":"open","sticky":false,"template":"","format":"standard","meta":{"footnotes":""},"categories":[213],"tags":[],"class_list":["post-173303","post","type-post","status-publish","format-standard","has-post-thumbnail","category-poza-rica"],"nelio_content":{"isAutoShareEnabled":true,"autoShareEndMode":"never","automationSources":{"useCustomSentences":false,"customSentences":[]},"followers":[],"suggestedReferences":[],"efiUrl":"","efiAlt":"","highlights":[],"permalinkQueryArgs":[],"series":[]},"_links":{"self":[{"href":"https:\/\/www.enteratever.com\/2023\/wp-json\/wp\/v2\/posts\/173303","targetHints":{"allow":["GET"]}}],"collection":[{"href":"https:\/\/www.enteratever.com\/2023\/wp-json\/wp\/v2\/posts"}],"about":[{"href":"https:\/\/www.enteratever.com\/2023\/wp-json\/wp\/v2\/types\/post"}],"author":[{"embeddable":true,"href":"https:\/\/www.enteratever.com\/2023\/wp-json\/wp\/v2\/users\/4"}],"replies":[{"embeddable":true,"href":"https:\/\/www.enteratever.com\/2023\/wp-json\/wp\/v2\/comments?post=173303"}],"version-history":[{"count":0,"href":"https:\/\/www.enteratever.com\/2023\/wp-json\/wp\/v2\/posts\/173303\/revisions"}],"wp:featuredmedia":[{"embeddable":true,"href":"https:\/\/www.enteratever.com\/2023\/wp-json\/wp\/v2\/media\/173304"}],"wp:attachment":[{"href":"https:\/\/www.enteratever.com\/2023\/wp-json\/wp\/v2\/media?parent=173303"}],"wp:term":[{"taxonomy":"category","embeddable":true,"href":"https:\/\/www.enteratever.com\/2023\/wp-json\/wp\/v2\/categories?post=173303"},{"taxonomy":"post_tag","embeddable":true,"href":"https:\/\/www.enteratever.com\/2023\/wp-json\/wp\/v2\/tags?post=173303"}],"curies":[{"name":"wp","href":"https:\/\/api.w.org\/{rel}","templated":true}]}}