{"id":173299,"date":"2021-02-24T00:19:45","date_gmt":"2021-02-24T00:19:45","guid":{"rendered":"https:\/\/www.enteratever.com\/2023\/ni-padres-ni-maestros-estan-a-favor-de-regresar-a-clases\/"},"modified":"2021-02-24T00:19:45","modified_gmt":"2021-02-24T00:19:45","slug":"ni-padres-ni-maestros-estan-a-favor-de-regresar-a-clases","status":"publish","type":"post","link":"https:\/\/www.enteratever.com\/2023\/2021\/02\/24\/ni-padres-ni-maestros-estan-a-favor-de-regresar-a-clases\/","title":{"rendered":"Ni padres ni maestros est\u00e1n a favor de regresar a clases"},"content":{"rendered":"<p>Visitas: 4<\/p>\n<p class=\"wp-block-paragraph\">Poza Rica, Veracruz.- Tras darse a conocer de la Asociaci\u00f3n Nacional de Escuelas Particulares (ANEP) que mis alumnos de escuelas particulares podr\u00edan regresar a clases presenciales ella partir del primero de marzo, padres de familia argumentaron que no es posible que quieran hacer esto, ya que argumentan que ni los alumnos ni los maestros est\u00e1n vacunados y esto podr\u00eda en riegos a los alumnos.<\/p>\n\n\n\n<p class=\"wp-block-paragraph\">Algunos de ellos se\u00f1alan que a pesar de que las autoridades encargadas dicen que estar\u00e1n respetando las medidas sanitarias, nada les garantiza que los alumnos los estar\u00e1n cumpliendo, por lo que algunos de ellos est\u00e1n en contra y aseguran que no estar\u00e1n enviando a sus hijos hasta que sean vacunados contra est\u00e1 enfermedad.<\/p>\n\n\n\n<p class=\"wp-block-paragraph\">De acuerdo a la declaraci\u00f3n de algunos profesores argumentan que cuando se trate de j\u00f3venes de preparatoria y de universidad entienden que deben de respetar las medidas sanitarias pero cuando se tratan de menores de edad ese podr\u00eda ser el problema, ya que son m\u00e1s hiperactivos y ser\u00e1 muy complicado el hacer que respeten las medidas sanitarias.<\/p>\n\n\n\n<figure class=\"wp-block-gallery columns-1 wp-block-gallery-1 is-layout-flex wp-block-gallery-is-layout-flex\"><ul class=\"blocks-gallery-grid\"><li class=\"blocks-gallery-item\"><figure><img decoding=\"async\" src=\"https:\/\/www.enteratever.com\/2020\/wp-content\/uploads\/2021\/02\/WhatsApp-Image-2021-02-23-at-17.07.00.jpeg\" alt=\"\" data-id=\"37826\" data-full-url=\"https:\/\/www.enteratever.com\/2020\/wp-content\/uploads\/2021\/02\/WhatsApp-Image-2021-02-23-at-17.07.00.jpeg\" data-link=\"https:\/\/www.enteratever.com\/?attachment_id=37826\" class=\"wp-image-37826\"\/><\/figure><\/li><li class=\"blocks-gallery-item\"><figure><img decoding=\"async\" src=\"https:\/\/www.enteratever.com\/2020\/wp-content\/uploads\/2021\/02\/WhatsApp-Image-2021-02-23-at-17.07.03.jpeg\" alt=\"\" data-id=\"37827\" data-full-url=\"https:\/\/www.enteratever.com\/2020\/wp-content\/uploads\/2021\/02\/WhatsApp-Image-2021-02-23-at-17.07.03.jpeg\" data-link=\"https:\/\/www.enteratever.com\/?attachment_id=37827\" class=\"wp-image-37827\"\/><\/figure><\/li><\/ul><\/figure>\n\n\n\n<p class=\"wp-block-paragraph\">Por lo que consideran que es mejor esperar a que tanto los docentes como alumnos reciban la vacuna para poder tomar la decisi\u00f3n de que regresen a las aulas, pues de esta forma podr\u00edan asegurar que los estudiantes no corren ning\u00fan peligro, se\u00f1al\u00f3 que todos los alumnos est\u00e1n presentando un retraso en el aprendizaje pues ni los maestros y los j\u00f3venes estaban preparados para recibir una educaci\u00f3n en l\u00ednea.<\/p>\n\n\n\n<p class=\"wp-block-paragraph\">Esperan que las autoridades sean conscientes de esto y no se autorice el regreso a clases como se tiene contemplado, ya que esto podr\u00eda generar un aumento en n\u00fameros de contagios y con ello las mujeres de docentes y alumnos, algo que desde hace un a\u00f1o se viene buscando evitar.<\/p>\n\n\n\n<p class=\"wp-block-paragraph\">Est\u00e1 decisi\u00f3n se tom\u00f3 ya que un aproximado de 20 mil instituciones educativas de todo el pa\u00eds est\u00e1n en riego de cerrar, es por este motivo por este motivo por el cual se decidi\u00f3 anunciar el regreso a clases presenciales en todo el pa\u00eds, pues ya casi llevan un a\u00f1o y medio que han estado trabajando a distancia u a pesar de que se dice que en el mes de agosto los alumnos podr\u00edan regresar a clases lo m\u00e1s probable que la reapertura de escuelas sea hasta el 2022.<\/p>\n","protected":false},"excerpt":{"rendered":"<p>Visitas: 4 Poza Rica, Veracruz.- Tras darse a conocer de la Asociaci\u00f3n Nacional de Escuelas Particulares (ANEP) que mis alumnos de escuelas particulares podr\u00edan regresar a clases presenciales ella partir del primero de marzo, padres de familia argumentaron que no es posible que quieran hacer esto, ya que argumentan que ni los alumnos ni los [&hellip;]<\/p>\n","protected":false},"author":4,"featured_media":173300,"comment_status":"open","ping_status":"open","sticky":false,"template":"","format":"standard","meta":{"footnotes":""},"categories":[213],"tags":[],"class_list":["post-173299","post","type-post","status-publish","format-standard","has-post-thumbnail","category-poza-rica"],"nelio_content":{"isAutoShareEnabled":true,"autoShareEndMode":"never","automationSources":{"useCustomSentences":false,"customSentences":[]},"followers":[],"suggestedReferences":[],"efiUrl":"","efiAlt":"","highlights":[],"permalinkQueryArgs":[],"series":[]},"_links":{"self":[{"href":"https:\/\/www.enteratever.com\/2023\/wp-json\/wp\/v2\/posts\/173299","targetHints":{"allow":["GET"]}}],"collection":[{"href":"https:\/\/www.enteratever.com\/2023\/wp-json\/wp\/v2\/posts"}],"about":[{"href":"https:\/\/www.enteratever.com\/2023\/wp-json\/wp\/v2\/types\/post"}],"author":[{"embeddable":true,"href":"https:\/\/www.enteratever.com\/2023\/wp-json\/wp\/v2\/users\/4"}],"replies":[{"embeddable":true,"href":"https:\/\/www.enteratever.com\/2023\/wp-json\/wp\/v2\/comments?post=173299"}],"version-history":[{"count":0,"href":"https:\/\/www.enteratever.com\/2023\/wp-json\/wp\/v2\/posts\/173299\/revisions"}],"wp:featuredmedia":[{"embeddable":true,"href":"https:\/\/www.enteratever.com\/2023\/wp-json\/wp\/v2\/media\/173300"}],"wp:attachment":[{"href":"https:\/\/www.enteratever.com\/2023\/wp-json\/wp\/v2\/media?parent=173299"}],"wp:term":[{"taxonomy":"category","embeddable":true,"href":"https:\/\/www.enteratever.com\/2023\/wp-json\/wp\/v2\/categories?post=173299"},{"taxonomy":"post_tag","embeddable":true,"href":"https:\/\/www.enteratever.com\/2023\/wp-json\/wp\/v2\/tags?post=173299"}],"curies":[{"name":"wp","href":"https:\/\/api.w.org\/{rel}","templated":true}]}}