{"id":173297,"date":"2021-02-24T00:12:25","date_gmt":"2021-02-24T00:12:25","guid":{"rendered":"https:\/\/www.enteratever.com\/2023\/ivm-instalara-modulo-de-informacion-en-poza-rica\/"},"modified":"2021-02-24T00:12:25","modified_gmt":"2021-02-24T00:12:25","slug":"ivm-instalara-modulo-de-informacion-en-poza-rica","status":"publish","type":"post","link":"https:\/\/www.enteratever.com\/2023\/2021\/02\/24\/ivm-instalara-modulo-de-informacion-en-poza-rica\/","title":{"rendered":"IVM instalar\u00e1 m\u00f3dulo de informaci\u00f3n en Poza Rica"},"content":{"rendered":"<p>Visitas: 6<\/p>\n<p class=\"wp-block-paragraph\">Poza Rica, Veracruz.- Con el objetivo de que acercar los servicios que las mujeres conozcan los servicios que el Instituto Veracruzano de la Mujer (IVM) les brinda en caso de sufrir alg\u00fan tipo de violencia, la dependencia estar\u00e1 instalando un m\u00f3dulo de informaci\u00f3n en la ciudad, as\u00ed lo dio a conocer Norma Arango Gibb, Titular del Instituto Municipal de la Mujer (IMM).<\/p>\n\n\n\n<p class=\"wp-block-paragraph\">Se\u00f1al\u00f3 que debido al incremento de casos de agresi\u00f3n hacia las mujeres en este municipio durante el aislamiento social, el IVM decidi\u00f3 el instalar un m\u00f3dulo en la ciudad el pr\u00f3ximo viernes 26 de febrero, adem\u00e1s de que estar\u00e1n realizando algunas actividades previas al ocho de marzo que es el D\u00eda Internacional de la Mujer, estas ser\u00e1n con horarios diferidos a fin de que la mayor cantidad de mujeres puedan acudir.<\/p>\n\n\n\n<p class=\"wp-block-paragraph\">Destac\u00f3 que es un gran logro que el Instituto Veracruzano de las Mujeres acuda al municipio a colocar este m\u00f3dulo, que si bien ellas vienen realizando un trabajo a marchas forzadas, pues si es cierto nunca ser\u00e1n suficientes acciones para apoyar o prevenir la violencia en las mujeres, por ello asegura que en el instituto se encuentran orientando a todas las personas que acuden en auxilio de ayuda, sin distinci\u00f3n de g\u00e9nero.<\/p>\n\n\n\n<figure class=\"wp-block-image size-full\"><img decoding=\"async\" src=\"https:\/\/www.enteratever.com\/2020\/wp-content\/uploads\/2021\/02\/WhatsApp-Image-2021-02-23-at-17.06.10.jpeg\" alt=\"\" class=\"wp-image-37821\"\/><\/figure>\n\n\n\n<p class=\"wp-block-paragraph\">Record\u00f3 que la ciudad mantiene dos alertas de g\u00e9nero, por lo que est\u00e9 tipo de acciones ayudan mucho a qu\u00e9 las mujeres conozcan los derechos que las respaldan, pues muchas veces saben que existen pero por el temor a que la violencia incremente por que muchas veces las mismas autoridades pone en duda sus declaraciones prefieren callar y seguir sufriendo alg\u00fan tipo de abuso por parte de su pareja.<\/p>\n\n\n\n<p class=\"wp-block-paragraph\">Por lo que hace un llamado a las mujeres de Poza Rica para que el pr\u00f3ximo viernes en las instalaciones de la biblioteca municipal Francisco Lira Lara, ubicada en el parque Benito Ju\u00e1rez, ya que es se suma importancia que busquen la ayuda necesaria en caso de sufrir alg\u00fan tipo de violencia.<\/p>\n","protected":false},"excerpt":{"rendered":"<p>Visitas: 6 Poza Rica, Veracruz.- Con el objetivo de que acercar los servicios que las mujeres conozcan los servicios que el Instituto Veracruzano de la Mujer (IVM) les brinda en caso de sufrir alg\u00fan tipo de violencia, la dependencia estar\u00e1 instalando un m\u00f3dulo de informaci\u00f3n en la ciudad, as\u00ed lo dio a conocer Norma Arango [&hellip;]<\/p>\n","protected":false},"author":4,"featured_media":173298,"comment_status":"open","ping_status":"open","sticky":false,"template":"","format":"standard","meta":{"footnotes":""},"categories":[213],"tags":[],"class_list":["post-173297","post","type-post","status-publish","format-standard","has-post-thumbnail","category-poza-rica"],"nelio_content":{"isAutoShareEnabled":true,"autoShareEndMode":"never","automationSources":{"useCustomSentences":false,"customSentences":[]},"followers":[],"suggestedReferences":[],"efiUrl":"","efiAlt":"","highlights":[],"permalinkQueryArgs":[],"series":[]},"_links":{"self":[{"href":"https:\/\/www.enteratever.com\/2023\/wp-json\/wp\/v2\/posts\/173297","targetHints":{"allow":["GET"]}}],"collection":[{"href":"https:\/\/www.enteratever.com\/2023\/wp-json\/wp\/v2\/posts"}],"about":[{"href":"https:\/\/www.enteratever.com\/2023\/wp-json\/wp\/v2\/types\/post"}],"author":[{"embeddable":true,"href":"https:\/\/www.enteratever.com\/2023\/wp-json\/wp\/v2\/users\/4"}],"replies":[{"embeddable":true,"href":"https:\/\/www.enteratever.com\/2023\/wp-json\/wp\/v2\/comments?post=173297"}],"version-history":[{"count":0,"href":"https:\/\/www.enteratever.com\/2023\/wp-json\/wp\/v2\/posts\/173297\/revisions"}],"wp:featuredmedia":[{"embeddable":true,"href":"https:\/\/www.enteratever.com\/2023\/wp-json\/wp\/v2\/media\/173298"}],"wp:attachment":[{"href":"https:\/\/www.enteratever.com\/2023\/wp-json\/wp\/v2\/media?parent=173297"}],"wp:term":[{"taxonomy":"category","embeddable":true,"href":"https:\/\/www.enteratever.com\/2023\/wp-json\/wp\/v2\/categories?post=173297"},{"taxonomy":"post_tag","embeddable":true,"href":"https:\/\/www.enteratever.com\/2023\/wp-json\/wp\/v2\/tags?post=173297"}],"curies":[{"name":"wp","href":"https:\/\/api.w.org\/{rel}","templated":true}]}}