{"id":173265,"date":"2021-02-18T21:41:02","date_gmt":"2021-02-18T21:41:02","guid":{"rendered":"https:\/\/www.enteratever.com\/2023\/personal-medico-recibe-la-segunda-dosis-de-la-vacuna-anti-covid\/"},"modified":"2021-02-18T21:41:02","modified_gmt":"2021-02-18T21:41:02","slug":"personal-medico-recibe-la-segunda-dosis-de-la-vacuna-anti-covid","status":"publish","type":"post","link":"https:\/\/www.enteratever.com\/2023\/2021\/02\/18\/personal-medico-recibe-la-segunda-dosis-de-la-vacuna-anti-covid\/","title":{"rendered":"Personal medico recibe la segunda dosis de la vacuna anti Covid"},"content":{"rendered":"<p>Visitas: 3<\/p>\n<p class=\"wp-block-paragraph\">Poza Rica, Veracruz.- Desde temprana hora se comenz\u00f3 con la aplicaci\u00f3n de la segunda dosis de la vacuna anti Covid del laboratorio Pfizer, a personal m\u00e9dico de los diferentes hospitales de la ciudad, las cuales llegaron la tarde del pasado mi\u00e9rcoles 17 de febrero,esto como parte de la estrategia que el gobierno federal ha implementado para combatir la enfermedad.<\/p>\n\n\n\n<p class=\"wp-block-paragraph\">La dosis que se les aplic\u00f3 al personal medico es parte del esquema de vacunaci\u00f3n que marca que a las personas se le debe de aplicar en dos etapas, cabe destacar que est\u00e1 vacuna es para aquellos que recibieron la primera vacuna a mediados del mes de enero, por lo que poco a poco ir\u00e1n vacunando a todos, pero debe de ser de acuerdo al periodo que se les da.<\/p>\n\n\n\n<p class=\"wp-block-paragraph\">Se sabe que en el Hospital Regional de este municipio se estuvieron 400 dosis adem\u00e1s de se se aplicaci\u00f3n por primera vez a 40 trabajadores de la salud, por lo que cada vez son m\u00e1s el personal que recibe una vacuna por primera vez, lo que representa un avance importante, pues de esta manera estar\u00e1n protegi\u00e9ndose de este virus que ha terminado con la vida de varios doctores, enfermeras y de m\u00e1s personal.<\/p>\n\n\n\n<p class=\"wp-block-paragraph\">Mientras que para el Hospital Regional PEMEX Poza Rica trascendi\u00f3 hubo 735 segundas y 75 primeras; para Cl\u00ednica del ISSSTE 290 segundas dosis y 30 primeras y para el Hospital General del Instituto Mexicano del Seguro Social (IMSS) 24 Poza Rica 540 segundas y 55 primeras dosis.<\/p>\n\n\n\n<p class=\"wp-block-paragraph\">Personal medico dijo que es una forma de trabajar m\u00e1s seguros, pues si es verdad durante un a\u00f1o estuvieron trabajando con el temor de ser contagiados, ya que no exist\u00eda una vacuna contra est\u00e1 terrible enfermedad, por lo que el hecho de recibir la dosis no quiere decir que se tiene que bajar la guardia.<\/p>\n\n\n\n<figure class=\"wp-block-gallery columns-1 wp-block-gallery-1 is-layout-flex wp-block-gallery-is-layout-flex\"><ul class=\"blocks-gallery-grid\"><li class=\"blocks-gallery-item\"><figure><img decoding=\"async\" src=\"https:\/\/www.enteratever.com\/2020\/wp-content\/uploads\/2021\/02\/WhatsApp-Image-2021-02-18-at-15.15.12.jpeg\" alt=\"\" data-id=\"37330\" data-full-url=\"https:\/\/www.enteratever.com\/2020\/wp-content\/uploads\/2021\/02\/WhatsApp-Image-2021-02-18-at-15.15.12.jpeg\" data-link=\"https:\/\/www.enteratever.com\/?attachment_id=37330\" class=\"wp-image-37330\"\/><\/figure><\/li><li class=\"blocks-gallery-item\"><figure><img decoding=\"async\" src=\"https:\/\/www.enteratever.com\/2020\/wp-content\/uploads\/2021\/02\/WhatsApp-Image-2021-02-18-at-15.15.13.jpeg\" alt=\"\" data-id=\"37331\" data-full-url=\"https:\/\/www.enteratever.com\/2020\/wp-content\/uploads\/2021\/02\/WhatsApp-Image-2021-02-18-at-15.15.13.jpeg\" data-link=\"https:\/\/www.enteratever.com\/?attachment_id=37331\" class=\"wp-image-37331\"\/><\/figure><\/li><li class=\"blocks-gallery-item\"><figure><img decoding=\"async\" src=\"https:\/\/www.enteratever.com\/2020\/wp-content\/uploads\/2021\/02\/WhatsApp-Image-2021-02-18-at-15.15.14.jpeg\" alt=\"\" data-id=\"37332\" data-full-url=\"https:\/\/www.enteratever.com\/2020\/wp-content\/uploads\/2021\/02\/WhatsApp-Image-2021-02-18-at-15.15.14.jpeg\" data-link=\"https:\/\/www.enteratever.com\/?attachment_id=37332\" class=\"wp-image-37332\"\/><\/figure><\/li><\/ul><\/figure>\n","protected":false},"excerpt":{"rendered":"<p>Visitas: 3 Poza Rica, Veracruz.- Desde temprana hora se comenz\u00f3 con la aplicaci\u00f3n de la segunda dosis de la vacuna anti Covid del laboratorio Pfizer, a personal m\u00e9dico de los diferentes hospitales de la ciudad, las cuales llegaron la tarde del pasado mi\u00e9rcoles 17 de febrero,esto como parte de la estrategia que el gobierno federal [&hellip;]<\/p>\n","protected":false},"author":4,"featured_media":173266,"comment_status":"open","ping_status":"open","sticky":false,"template":"","format":"standard","meta":{"footnotes":""},"categories":[213],"tags":[],"class_list":["post-173265","post","type-post","status-publish","format-standard","has-post-thumbnail","category-poza-rica"],"nelio_content":{"isAutoShareEnabled":true,"autoShareEndMode":"never","automationSources":{"useCustomSentences":false,"customSentences":[]},"followers":[],"suggestedReferences":[],"efiUrl":"","efiAlt":"","highlights":[],"permalinkQueryArgs":[],"series":[]},"_links":{"self":[{"href":"https:\/\/www.enteratever.com\/2023\/wp-json\/wp\/v2\/posts\/173265","targetHints":{"allow":["GET"]}}],"collection":[{"href":"https:\/\/www.enteratever.com\/2023\/wp-json\/wp\/v2\/posts"}],"about":[{"href":"https:\/\/www.enteratever.com\/2023\/wp-json\/wp\/v2\/types\/post"}],"author":[{"embeddable":true,"href":"https:\/\/www.enteratever.com\/2023\/wp-json\/wp\/v2\/users\/4"}],"replies":[{"embeddable":true,"href":"https:\/\/www.enteratever.com\/2023\/wp-json\/wp\/v2\/comments?post=173265"}],"version-history":[{"count":0,"href":"https:\/\/www.enteratever.com\/2023\/wp-json\/wp\/v2\/posts\/173265\/revisions"}],"wp:featuredmedia":[{"embeddable":true,"href":"https:\/\/www.enteratever.com\/2023\/wp-json\/wp\/v2\/media\/173266"}],"wp:attachment":[{"href":"https:\/\/www.enteratever.com\/2023\/wp-json\/wp\/v2\/media?parent=173265"}],"wp:term":[{"taxonomy":"category","embeddable":true,"href":"https:\/\/www.enteratever.com\/2023\/wp-json\/wp\/v2\/categories?post=173265"},{"taxonomy":"post_tag","embeddable":true,"href":"https:\/\/www.enteratever.com\/2023\/wp-json\/wp\/v2\/tags?post=173265"}],"curies":[{"name":"wp","href":"https:\/\/api.w.org\/{rel}","templated":true}]}}