{"id":173261,"date":"2021-02-18T21:20:39","date_gmt":"2021-02-18T21:20:39","guid":{"rendered":"https:\/\/www.enteratever.com\/2023\/comerciantes-ambulantes-piden-reducir-el-programa-de-cero-ambulantes\/"},"modified":"2021-02-18T21:20:39","modified_gmt":"2021-02-18T21:20:39","slug":"comerciantes-ambulantes-piden-reducir-el-programa-de-cero-ambulantes","status":"publish","type":"post","link":"https:\/\/www.enteratever.com\/2023\/2021\/02\/18\/comerciantes-ambulantes-piden-reducir-el-programa-de-cero-ambulantes\/","title":{"rendered":"Comerciantes ambulantes piden reducir el programa de cero ambulantes"},"content":{"rendered":"<p>Visitas: 5<\/p>\n<p class=\"wp-block-paragraph\">Poza Rica, Veracruz.- Comerciantes ambulantes, que pertenecen a la Uni\u00f3n General de Comerciantes en Peque\u00f1o, a cargo de Marcelino Ram\u00edrez se reunieron la ma\u00f1ana de este jueves en el palacio municipal para solicitar una reuni\u00f3n con Jos\u00e9 de Jes\u00fas Luna Kuri, director de comercio para solicitarles que les permitan trabajar los d\u00edas lunes, ya que por decreto de las autoridades no se pueden colocar los d\u00edas lunes y jueves.<\/p>\n\n\n\n<p class=\"wp-block-paragraph\">En entrevista el encargado de la agrupaci\u00f3n dijo que con el cambio del color del sem\u00e1foro epidemiol\u00f3gico se puede llegar a un acuerdo con las autoridades municipales para que se les permita colocarse, adem\u00e1s de que ellos siempre han apoyado las acciones que las autoridades han aplicado desde que dio inicio la pandemia.<\/p>\n\n\n\n<p class=\"wp-block-paragraph\">se\u00f1alan que es necesario que las autoridades municipales les permitan colocarse, ya que cada vez las ventas est\u00e1n peor, por lo que si se les da el permiso de colocar sus locales m\u00e1s d\u00edas esto estar\u00e1 permitiendo que tengan mejores ventas, pues muchos de ellos tiene que comprar medicamentos, tiene que llevar el sustento a sus hogares y con est\u00e1s medidas es m\u00e1s complicado.<\/p>\n\n\n\n<p class=\"wp-block-paragraph\">Son un promedio de 70 personas la mayor\u00eda de este municipio, los dem\u00e1s provienen de Tihuatl\u00e1n, Cazones y Coatzintla que se encuentran en esta situaci\u00f3n, por lo que es necesario reactivar la econom\u00eda ya que actualmente los comerciantes no han logrado reponer las p\u00e9rdidas que les genera la pandemia desde el mes de marzo del 2020.<\/p>\n\n\n\n<p class=\"wp-block-paragraph\">Asegur\u00f3 que deben m\u00e1s de los que venden la mayor\u00eda esta sumergido en deudas ante la falta de dinero para abastecer sus mercanc\u00edas, es por ello que solicitaron a las autoridades qu\u00e9 se les conceda el permiso para laborar tambi\u00e9n los d\u00edas lunes en la ciudad, esperan que las autoridades entiendan su postura y les permitan seguir trabajando.<\/p>\n\n\n\n<figure class=\"wp-block-gallery columns-1 wp-block-gallery-1 is-layout-flex wp-block-gallery-is-layout-flex\"><ul class=\"blocks-gallery-grid\"><li class=\"blocks-gallery-item\"><figure><img decoding=\"async\" src=\"https:\/\/www.enteratever.com\/2020\/wp-content\/uploads\/2021\/02\/WhatsApp-Image-2021-02-18-at-14.55.23.jpeg\" alt=\"\" data-id=\"37317\" data-full-url=\"https:\/\/www.enteratever.com\/2020\/wp-content\/uploads\/2021\/02\/WhatsApp-Image-2021-02-18-at-14.55.23.jpeg\" data-link=\"https:\/\/www.enteratever.com\/?attachment_id=37317\" class=\"wp-image-37317\"\/><\/figure><\/li><li class=\"blocks-gallery-item\"><figure><img decoding=\"async\" src=\"https:\/\/www.enteratever.com\/2020\/wp-content\/uploads\/2021\/02\/WhatsApp-Image-2021-02-18-at-14.55.24.jpeg\" alt=\"\" data-id=\"37318\" data-full-url=\"https:\/\/www.enteratever.com\/2020\/wp-content\/uploads\/2021\/02\/WhatsApp-Image-2021-02-18-at-14.55.24.jpeg\" data-link=\"https:\/\/www.enteratever.com\/?attachment_id=37318\" class=\"wp-image-37318\"\/><\/figure><\/li><li class=\"blocks-gallery-item\"><figure><img decoding=\"async\" src=\"https:\/\/www.enteratever.com\/2020\/wp-content\/uploads\/2021\/02\/WhatsApp-Image-2021-02-18-at-14.55.25.jpeg\" alt=\"\" data-id=\"37319\" data-full-url=\"https:\/\/www.enteratever.com\/2020\/wp-content\/uploads\/2021\/02\/WhatsApp-Image-2021-02-18-at-14.55.25.jpeg\" data-link=\"https:\/\/www.enteratever.com\/?attachment_id=37319\" class=\"wp-image-37319\"\/><\/figure><\/li><li class=\"blocks-gallery-item\"><figure><img decoding=\"async\" src=\"https:\/\/www.enteratever.com\/2020\/wp-content\/uploads\/2021\/02\/WhatsApp-Image-2021-02-18-at-14.55.26.jpeg\" alt=\"\" data-id=\"37320\" data-full-url=\"https:\/\/www.enteratever.com\/2020\/wp-content\/uploads\/2021\/02\/WhatsApp-Image-2021-02-18-at-14.55.26.jpeg\" data-link=\"https:\/\/www.enteratever.com\/?attachment_id=37320\" class=\"wp-image-37320\"\/><\/figure><\/li><li class=\"blocks-gallery-item\"><figure><img decoding=\"async\" src=\"https:\/\/www.enteratever.com\/2020\/wp-content\/uploads\/2021\/02\/WhatsApp-Image-2021-02-18-at-14.55.27.jpeg\" alt=\"\" data-id=\"37321\" data-full-url=\"https:\/\/www.enteratever.com\/2020\/wp-content\/uploads\/2021\/02\/WhatsApp-Image-2021-02-18-at-14.55.27.jpeg\" data-link=\"https:\/\/www.enteratever.com\/?attachment_id=37321\" class=\"wp-image-37321\"\/><\/figure><\/li><\/ul><\/figure>\n","protected":false},"excerpt":{"rendered":"<p>Visitas: 5 Poza Rica, Veracruz.- Comerciantes ambulantes, que pertenecen a la Uni\u00f3n General de Comerciantes en Peque\u00f1o, a cargo de Marcelino Ram\u00edrez se reunieron la ma\u00f1ana de este jueves en el palacio municipal para solicitar una reuni\u00f3n con Jos\u00e9 de Jes\u00fas Luna Kuri, director de comercio para solicitarles que les permitan trabajar los d\u00edas lunes, [&hellip;]<\/p>\n","protected":false},"author":4,"featured_media":173262,"comment_status":"open","ping_status":"open","sticky":false,"template":"","format":"standard","meta":{"footnotes":""},"categories":[213],"tags":[],"class_list":["post-173261","post","type-post","status-publish","format-standard","has-post-thumbnail","category-poza-rica"],"nelio_content":{"isAutoShareEnabled":true,"autoShareEndMode":"never","automationSources":{"useCustomSentences":false,"customSentences":[]},"followers":[],"suggestedReferences":[],"efiUrl":"","efiAlt":"","highlights":[],"permalinkQueryArgs":[],"series":[]},"_links":{"self":[{"href":"https:\/\/www.enteratever.com\/2023\/wp-json\/wp\/v2\/posts\/173261","targetHints":{"allow":["GET"]}}],"collection":[{"href":"https:\/\/www.enteratever.com\/2023\/wp-json\/wp\/v2\/posts"}],"about":[{"href":"https:\/\/www.enteratever.com\/2023\/wp-json\/wp\/v2\/types\/post"}],"author":[{"embeddable":true,"href":"https:\/\/www.enteratever.com\/2023\/wp-json\/wp\/v2\/users\/4"}],"replies":[{"embeddable":true,"href":"https:\/\/www.enteratever.com\/2023\/wp-json\/wp\/v2\/comments?post=173261"}],"version-history":[{"count":0,"href":"https:\/\/www.enteratever.com\/2023\/wp-json\/wp\/v2\/posts\/173261\/revisions"}],"wp:featuredmedia":[{"embeddable":true,"href":"https:\/\/www.enteratever.com\/2023\/wp-json\/wp\/v2\/media\/173262"}],"wp:attachment":[{"href":"https:\/\/www.enteratever.com\/2023\/wp-json\/wp\/v2\/media?parent=173261"}],"wp:term":[{"taxonomy":"category","embeddable":true,"href":"https:\/\/www.enteratever.com\/2023\/wp-json\/wp\/v2\/categories?post=173261"},{"taxonomy":"post_tag","embeddable":true,"href":"https:\/\/www.enteratever.com\/2023\/wp-json\/wp\/v2\/tags?post=173261"}],"curies":[{"name":"wp","href":"https:\/\/api.w.org\/{rel}","templated":true}]}}