{"id":173253,"date":"2021-02-17T20:49:30","date_gmt":"2021-02-17T20:49:30","guid":{"rendered":"https:\/\/www.enteratever.com\/2023\/dejan-sin-alumbrado-publico-al-cerro-del-meson\/"},"modified":"2021-02-17T20:49:30","modified_gmt":"2021-02-17T20:49:30","slug":"dejan-sin-alumbrado-publico-al-cerro-del-meson","status":"publish","type":"post","link":"https:\/\/www.enteratever.com\/2023\/2021\/02\/17\/dejan-sin-alumbrado-publico-al-cerro-del-meson\/","title":{"rendered":"Dejan sin alumbrado p\u00fablico al Cerro del Mes\u00f3n"},"content":{"rendered":"<p>Visitas: 2<\/p>\n<p class=\"wp-block-paragraph\"><em>Desde noviembre que realizaron el reporte y hasta la fecha siguen sin el servicio.<\/em><\/p>\n\n\n\n<p class=\"wp-block-paragraph\">Vecinos del Ejido Cerr\u00f3 del Mes\u00f3n, acudieron a solicitar el arreglo de las l\u00e1mparas que se encuentran en esta zona, las cuales tiene ya varios a\u00f1os descompuestas y el personal del ayuntamiento no ha acudido para solucionar este problema, por lo que con el temor a que maleantes hagan de las suyas decidieron acudir al ayuntamiento a reportar este caso.<\/p>\n\n\n\n<p class=\"wp-block-paragraph\">En entrevista Pedro Finales Campos, Subagente Municipal dijo que en el mes de noviembre del a\u00f1o pasado ya se hab\u00eda levantado un reporte ante el ayuntamiento, en el cual el personal le respondi\u00f3 que la compa\u00f1\u00eda NL Technologies estar\u00eda cambiando la luminaria y se les estar\u00edan colocando unas l\u00e1mparas let, las cueles se supone que mantendr\u00edan m\u00e1s iluminada la zona, pero hasta el momento no ven nada claro.<\/p>\n\n\n\n<p class=\"wp-block-paragraph\">Destac\u00f3 que son un promedio de nueve l\u00e1mparas las que se encuentran sin funcionar, por lo que de no colocarles unas nuevas m\u00ednimo que reparen las que tienen, lo que les interesa es tener luz en las calles, pues es durante la noche cuando temen que amantes de lo ajeno entren a sus domicilios para robarse lo poco que tiene en sus hogares.<\/p>\n\n\n\n<p class=\"wp-block-paragraph\">Adem\u00e1s de que el servicio con el que cuentan durante el d\u00eda las l\u00e1mparas est\u00e1n encendidas y en la noche est\u00e1s se apaga, por lo que es un riesgo para todos los habitantes de este sector, pues ya se cuenta con reportes de algunas ciudadanas que solo viven con sus hijos que les tocan la puerta de sus hogares, pues aprovechan la oscuridad para generar miedo en ellas.<\/p>\n\n\n\n<p class=\"wp-block-paragraph\">Son m\u00e1s de 80 familias las que se est\u00e1n viendo afectadas con esta situaci\u00f3n, por lo que esperan que escuchen sus quejas y en el menor tiempo posible acudan a reparar el alumbrado, lo \u00fanico que los mantiene tranquilos es que la polic\u00eda municipal realiza contantes recorridos, pro si es necesario contar con el servicio de alumbrado p\u00fablico.<\/p>\n\n\n\n<p class=\"wp-block-paragraph\">Es importante mencionar que este sector no es el \u00fanico en el que pasa esto, pues en diferentes puntos de la ciudad los habitantes de quejan del mal servicio que les est\u00e1 otorgando, por lo que el ayuntamiento le echa la culpa a la empresa NL Technologies y no acuden a reparar las afectaciones, cuando cuentan con un contrato millonario y las autoridades municipales no exigen el repararlas.<\/p>\n","protected":false},"excerpt":{"rendered":"<p>Visitas: 2 Desde noviembre que realizaron el reporte y hasta la fecha siguen sin el servicio. Vecinos del Ejido Cerr\u00f3 del Mes\u00f3n, acudieron a solicitar el arreglo de las l\u00e1mparas que se encuentran en esta zona, las cuales tiene ya varios a\u00f1os descompuestas y el personal del ayuntamiento no ha acudido para solucionar este problema, [&hellip;]<\/p>\n","protected":false},"author":4,"featured_media":173254,"comment_status":"open","ping_status":"open","sticky":false,"template":"","format":"standard","meta":{"footnotes":""},"categories":[213],"tags":[],"class_list":["post-173253","post","type-post","status-publish","format-standard","has-post-thumbnail","category-poza-rica"],"nelio_content":{"isAutoShareEnabled":true,"autoShareEndMode":"never","automationSources":{"useCustomSentences":false,"customSentences":[]},"followers":[],"suggestedReferences":[],"efiUrl":"","efiAlt":"","highlights":[],"permalinkQueryArgs":[],"series":[]},"_links":{"self":[{"href":"https:\/\/www.enteratever.com\/2023\/wp-json\/wp\/v2\/posts\/173253","targetHints":{"allow":["GET"]}}],"collection":[{"href":"https:\/\/www.enteratever.com\/2023\/wp-json\/wp\/v2\/posts"}],"about":[{"href":"https:\/\/www.enteratever.com\/2023\/wp-json\/wp\/v2\/types\/post"}],"author":[{"embeddable":true,"href":"https:\/\/www.enteratever.com\/2023\/wp-json\/wp\/v2\/users\/4"}],"replies":[{"embeddable":true,"href":"https:\/\/www.enteratever.com\/2023\/wp-json\/wp\/v2\/comments?post=173253"}],"version-history":[{"count":0,"href":"https:\/\/www.enteratever.com\/2023\/wp-json\/wp\/v2\/posts\/173253\/revisions"}],"wp:featuredmedia":[{"embeddable":true,"href":"https:\/\/www.enteratever.com\/2023\/wp-json\/wp\/v2\/media\/173254"}],"wp:attachment":[{"href":"https:\/\/www.enteratever.com\/2023\/wp-json\/wp\/v2\/media?parent=173253"}],"wp:term":[{"taxonomy":"category","embeddable":true,"href":"https:\/\/www.enteratever.com\/2023\/wp-json\/wp\/v2\/categories?post=173253"},{"taxonomy":"post_tag","embeddable":true,"href":"https:\/\/www.enteratever.com\/2023\/wp-json\/wp\/v2\/tags?post=173253"}],"curies":[{"name":"wp","href":"https:\/\/api.w.org\/{rel}","templated":true}]}}