{"id":173243,"date":"2021-02-16T21:29:09","date_gmt":"2021-02-16T21:29:09","guid":{"rendered":"https:\/\/www.enteratever.com\/2023\/fiestas-del-petroleo-seran-en-linea\/"},"modified":"2021-02-16T21:29:09","modified_gmt":"2021-02-16T21:29:09","slug":"fiestas-del-petroleo-seran-en-linea","status":"publish","type":"post","link":"https:\/\/www.enteratever.com\/2023\/2021\/02\/16\/fiestas-del-petroleo-seran-en-linea\/","title":{"rendered":"Fiestas del Petr\u00f3leo ser\u00e1n en l\u00ednea"},"content":{"rendered":"<p>Visitas: 3<\/p>\n<p class=\"wp-block-paragraph\">Con el objetivo de poder continuar celebrando las fechas importantes de la ciudad, la secci\u00f3n 30 dio a conocer que este a\u00f1o las fiestas del petroleo se estar\u00e1n llevando a cabo de manera virtual, as\u00ed como lo hicieron con d\u00eda de muertos, pues buscan adecuarse a la nueva normalidad, as\u00ed lo dio a conocer Jos\u00e9 Juan Soni Solis, Secretario de la Secci\u00f3n 30.<\/p>\n\n\n\n<p class=\"wp-block-paragraph\">En entrevista manifest\u00f3 que debido a la pandemia del Covid-19 el a\u00f1o pasado las festividades se tuvieron que cancelar, pues se presentaban los primeros casos positivos de esta enfermedad, por lo que a un a\u00f1o han tenido que ir haciendo modificaciones a las celebraciones, es por eso que se decidi\u00f3 celebrar el 18 de marzo que es el d\u00eda de la expropiaci\u00f3n petrolera a trav\u00e9s de las redes sociales.<\/p>\n\n\n\n<figure class=\"wp-block-image size-large\"><img decoding=\"async\" src=\"https:\/\/www.enteratever.com\/2020\/wp-content\/uploads\/2021\/02\/WhatsApp-Image-2021-02-16-at-14.48.58-1024x768.jpeg\" alt=\"\" class=\"wp-image-37080\"\/><\/figure>\n\n\n\n<p class=\"wp-block-paragraph\">Se\u00f1al\u00f3 que la realizaci\u00f3n de las fiesta del petr\u00f3leo es una forma de hacer que la poblaci\u00f3n de Poza Rica se olvide de un poco de los malos momentos que han tendido que vivir debido a esta terrible enfermedad, la cual ha acabado con la vida de muchas personas, fue por eso que el personal de la empresa petrolera est\u00e1 organizando todo para que el pr\u00f3ximo 18 de marzo los pozarricense puedan celebrar esta fecha.<\/p>\n\n\n\n<p class=\"wp-block-paragraph\">Destac\u00f3 que la celebraci\u00f3n no ser\u00e1 como a\u00f1os pasados, que se realizaban dos desfiles en el d\u00eda, pero lo importante es poder celebrar y llevar la alegr\u00eda que caracteriza a la gente de Poza Rica hasta sus hogares, para que a\u00f1os futuros puedan volver a salir a a las calles y conmemorar est\u00e1 fecha.<\/p>\n\n\n\n<p class=\"wp-block-paragraph\">A pesar de que las fiestas ser\u00e1n a trav\u00e9s de v\u00eda internet, se estar\u00e1n siguiendo los protocolos sanitarios ese d\u00eda con todos los participantes, pues es importante seguirse cuidando, por lo que invita al gremio petrolero a no bajar la guardia y seguirse cuidando, ya que el hecho de contar con las vacunas es un gran avance que tiene el municipio.<\/p>\n","protected":false},"excerpt":{"rendered":"<p>Visitas: 3 Con el objetivo de poder continuar celebrando las fechas importantes de la ciudad, la secci\u00f3n 30 dio a conocer que este a\u00f1o las fiestas del petroleo se estar\u00e1n llevando a cabo de manera virtual, as\u00ed como lo hicieron con d\u00eda de muertos, pues buscan adecuarse a la nueva normalidad, as\u00ed lo dio a [&hellip;]<\/p>\n","protected":false},"author":4,"featured_media":173244,"comment_status":"open","ping_status":"open","sticky":false,"template":"","format":"standard","meta":{"footnotes":""},"categories":[213],"tags":[],"class_list":["post-173243","post","type-post","status-publish","format-standard","has-post-thumbnail","category-poza-rica"],"nelio_content":{"isAutoShareEnabled":true,"autoShareEndMode":"never","automationSources":{"useCustomSentences":false,"customSentences":[]},"followers":[],"suggestedReferences":[],"efiUrl":"","efiAlt":"","highlights":[],"permalinkQueryArgs":[],"series":[]},"_links":{"self":[{"href":"https:\/\/www.enteratever.com\/2023\/wp-json\/wp\/v2\/posts\/173243","targetHints":{"allow":["GET"]}}],"collection":[{"href":"https:\/\/www.enteratever.com\/2023\/wp-json\/wp\/v2\/posts"}],"about":[{"href":"https:\/\/www.enteratever.com\/2023\/wp-json\/wp\/v2\/types\/post"}],"author":[{"embeddable":true,"href":"https:\/\/www.enteratever.com\/2023\/wp-json\/wp\/v2\/users\/4"}],"replies":[{"embeddable":true,"href":"https:\/\/www.enteratever.com\/2023\/wp-json\/wp\/v2\/comments?post=173243"}],"version-history":[{"count":0,"href":"https:\/\/www.enteratever.com\/2023\/wp-json\/wp\/v2\/posts\/173243\/revisions"}],"wp:featuredmedia":[{"embeddable":true,"href":"https:\/\/www.enteratever.com\/2023\/wp-json\/wp\/v2\/media\/173244"}],"wp:attachment":[{"href":"https:\/\/www.enteratever.com\/2023\/wp-json\/wp\/v2\/media?parent=173243"}],"wp:term":[{"taxonomy":"category","embeddable":true,"href":"https:\/\/www.enteratever.com\/2023\/wp-json\/wp\/v2\/categories?post=173243"},{"taxonomy":"post_tag","embeddable":true,"href":"https:\/\/www.enteratever.com\/2023\/wp-json\/wp\/v2\/tags?post=173243"}],"curies":[{"name":"wp","href":"https:\/\/api.w.org\/{rel}","templated":true}]}}