{"id":173241,"date":"2021-02-16T03:01:24","date_gmt":"2021-02-16T03:01:24","guid":{"rendered":"https:\/\/www.enteratever.com\/2023\/colonias-de-poza-rica-se-quedan-sin-energia-electrica\/"},"modified":"2021-02-16T03:01:24","modified_gmt":"2021-02-16T03:01:24","slug":"colonias-de-poza-rica-se-quedan-sin-energia-electrica","status":"publish","type":"post","link":"https:\/\/www.enteratever.com\/2023\/2021\/02\/16\/colonias-de-poza-rica-se-quedan-sin-energia-electrica\/","title":{"rendered":"Colonias de Poza Rica se quedan sin energ\u00eda el\u00e9ctrica"},"content":{"rendered":"<p>Visitas: 6<\/p>\n<p class=\"wp-block-paragraph\">Fueron varias las colonias de Poza Rica las que se vieron afectadas durante este d\u00eda con el corte de energ\u00eda el\u00e9ctrica que se registr\u00f3, pues durante varias horas vecinos de colonias como Santa Emilia, Magos 1, Villa de las Flores, por lo que realizaron los reportes correspondientes a la Comisi\u00f3n Federal de Electricidad (CFE) para que acudieran a resolver el problema.<\/p>\n\n\n\n<p class=\"wp-block-paragraph\">No solo el municipio petrolero se vio afectado, pues algunas colonias de Coatzintla, Tuxpan, Cerro Azul y algunos otros de la zona norte tambi\u00e9n de vieron afectados por los pago es que se han estado viviendo a nivel nacional, por lo que la empresa que brinda el servicio de energ\u00eda el\u00e9ctrica sigue creando un cu\u00e1ntos se han visto afectados con el corte de energ\u00eda.<\/p>\n\n\n\n<p class=\"wp-block-paragraph\">Por lo que fueron varias horas las que pasaron sin luz, algunos argumentan que la CFE en la ciudad dio a conocer que se estar\u00edan dando el mantenimiento, algunos otros se\u00f1al que es debido a que en Texas Estados Unidos se congelaron los ductos que suministran de gas natural al pa\u00eds, pero hasta el momento no hay nada oficial por parte de la dependencia.<\/p>\n\n\n\n<figure class=\"wp-block-image size-full\"><img decoding=\"async\" src=\"https:\/\/www.enteratever.com\/2020\/wp-content\/uploads\/2021\/02\/WhatsApp-Image-2021-02-15-at-20.59.10.jpeg\" alt=\"\" class=\"wp-image-37001\"\/><\/figure>\n\n\n\n<p class=\"wp-block-paragraph\">Cabe destacar que a nivel nacional tambi\u00e9n se registr\u00f3 este problema, cabe se\u00f1alar que del apag\u00f3n que se registrado en el norte del pa\u00eds, por lo que m\u00e1s de cuatro millones de usuarios se vieron afectados, por lo que en el caso de Monterrey el sistema metro se vio afectado, el cual a pocas horas se reactiv\u00f3 el servicio.<\/p>\n\n\n\n<p class=\"wp-block-paragraph\">Es importante mencionar que hace un par de meses tambi\u00e9n se registr\u00f3 el mismo problema, en el que varias colonias de Poza Rica se vieron afectadas, al igual cuando personal de CFE estuvieron realizando trabajos en el primer cuadro de la ciudad fueron un aproximado de dos horas las que los comerciantes tuvieron que trabajar sin energ\u00eda el\u00e9ctrica.<\/p>\n","protected":false},"excerpt":{"rendered":"<p>Visitas: 6 Fueron varias las colonias de Poza Rica las que se vieron afectadas durante este d\u00eda con el corte de energ\u00eda el\u00e9ctrica que se registr\u00f3, pues durante varias horas vecinos de colonias como Santa Emilia, Magos 1, Villa de las Flores, por lo que realizaron los reportes correspondientes a la Comisi\u00f3n Federal de Electricidad [&hellip;]<\/p>\n","protected":false},"author":4,"featured_media":173242,"comment_status":"open","ping_status":"open","sticky":false,"template":"","format":"standard","meta":{"footnotes":""},"categories":[213],"tags":[],"class_list":["post-173241","post","type-post","status-publish","format-standard","has-post-thumbnail","category-poza-rica"],"nelio_content":{"isAutoShareEnabled":true,"autoShareEndMode":"never","automationSources":{"useCustomSentences":false,"customSentences":[]},"followers":[],"suggestedReferences":[],"efiUrl":"","efiAlt":"","highlights":[],"permalinkQueryArgs":[],"series":[]},"_links":{"self":[{"href":"https:\/\/www.enteratever.com\/2023\/wp-json\/wp\/v2\/posts\/173241","targetHints":{"allow":["GET"]}}],"collection":[{"href":"https:\/\/www.enteratever.com\/2023\/wp-json\/wp\/v2\/posts"}],"about":[{"href":"https:\/\/www.enteratever.com\/2023\/wp-json\/wp\/v2\/types\/post"}],"author":[{"embeddable":true,"href":"https:\/\/www.enteratever.com\/2023\/wp-json\/wp\/v2\/users\/4"}],"replies":[{"embeddable":true,"href":"https:\/\/www.enteratever.com\/2023\/wp-json\/wp\/v2\/comments?post=173241"}],"version-history":[{"count":0,"href":"https:\/\/www.enteratever.com\/2023\/wp-json\/wp\/v2\/posts\/173241\/revisions"}],"wp:featuredmedia":[{"embeddable":true,"href":"https:\/\/www.enteratever.com\/2023\/wp-json\/wp\/v2\/media\/173242"}],"wp:attachment":[{"href":"https:\/\/www.enteratever.com\/2023\/wp-json\/wp\/v2\/media?parent=173241"}],"wp:term":[{"taxonomy":"category","embeddable":true,"href":"https:\/\/www.enteratever.com\/2023\/wp-json\/wp\/v2\/categories?post=173241"},{"taxonomy":"post_tag","embeddable":true,"href":"https:\/\/www.enteratever.com\/2023\/wp-json\/wp\/v2\/tags?post=173241"}],"curies":[{"name":"wp","href":"https:\/\/api.w.org\/{rel}","templated":true}]}}