{"id":173239,"date":"2021-02-15T22:48:32","date_gmt":"2021-02-15T22:48:32","guid":{"rendered":"https:\/\/www.enteratever.com\/2023\/sin-afectaciones-ante-el-ingreso-del-frente-frio-numero-35\/"},"modified":"2021-02-15T22:48:32","modified_gmt":"2021-02-15T22:48:32","slug":"sin-afectaciones-ante-el-ingreso-del-frente-frio-numero-35","status":"publish","type":"post","link":"https:\/\/www.enteratever.com\/2023\/2021\/02\/15\/sin-afectaciones-ante-el-ingreso-del-frente-frio-numero-35\/","title":{"rendered":"Sin afectaciones ante el ingreso del frente fr\u00edo n\u00famero 35"},"content":{"rendered":"<p>Visitas: 3<\/p>\n<p class=\"wp-block-paragraph\">Debido al ingreso del frente fr\u00edo 35 se mantendr\u00e1n temperaturas bajas durante toda la semana en gran parte de la entidad veracruzana, por lo que de acuerdo a Roc\u00edo Pineda M\u00e1rquez, Enlace regional de Protecci\u00f3n Civil (PC) se\u00f1al\u00f3 que se activaron los albergues para atender a las personas en situaci\u00f3n de calle, ya que son vulnerables en esta temporada invernal.<\/p>\n\n\n\n<p class=\"wp-block-paragraph\">En entrevista se\u00f1al\u00f3 que que se registraron rachas de 70 a 85 km\/h con un ambiente de fr\u00edo a muy fr\u00edo, por lo que recomend\u00f3 a la ciudadan\u00eda a que si no tienen a que salir eviten exponerse a las bajas temperaturas, es necesario que los ciudadanos tomen sus precauciones durante los siguientes d\u00edas ya que el municipio seguir\u00e1 con las disminuci\u00f3n de temperatura.<\/p>\n\n\n\n<p class=\"wp-block-paragraph\">Hasta el momento no cuentan con el registro de alg\u00fan percance en la regi\u00f3n que le corresponde, pus a pesar de las fuertes rachas de viento que se registraron con la entrada del frente fr\u00edo n\u00famero 35, por lo que tanto protecci\u00f3n civil de Poza Rica como a el enlace regional est\u00e1n trabajando en caso de que se registre alg\u00fan percance en el que ellos tengan que actuar.<\/p>\n\n\n\n<p class=\"wp-block-paragraph\">puntualiz\u00f3 que se encuentran realizando recorridos nocturnos durante la madrugada, a fin de brindar apoyo a personas en situaci\u00f3n de calle, mismas que se negaron a ser resguardadas, ya que cuando se les dan a conocer los requisitos prefieren seguir en la calle, pero a\u00fan se les sigue brindando la ayuda, por lo que se les entrega de bebida caliente, cobijas y una colchoneta para que no pasen fr\u00edo.<\/p>\n\n\n\n<p class=\"wp-block-paragraph\">Record\u00f3 que es de suma importancia que la poblaci\u00f3n consuma productos con vitamina C, al igual el evitar exponerse a los cambios bruscos de temperatura, por lo que tambi\u00e9n est\u00e1n suma a las acciones contra el Covid-19, esto por instrucciones del gobernador del estado.<\/p>\n\n\n\n<p class=\"wp-block-paragraph\"><\/p>\n","protected":false},"excerpt":{"rendered":"<p>Visitas: 3 Debido al ingreso del frente fr\u00edo 35 se mantendr\u00e1n temperaturas bajas durante toda la semana en gran parte de la entidad veracruzana, por lo que de acuerdo a Roc\u00edo Pineda M\u00e1rquez, Enlace regional de Protecci\u00f3n Civil (PC) se\u00f1al\u00f3 que se activaron los albergues para atender a las personas en situaci\u00f3n de calle, ya [&hellip;]<\/p>\n","protected":false},"author":4,"featured_media":173240,"comment_status":"open","ping_status":"open","sticky":false,"template":"","format":"standard","meta":{"footnotes":""},"categories":[213],"tags":[],"class_list":["post-173239","post","type-post","status-publish","format-standard","has-post-thumbnail","category-poza-rica"],"nelio_content":{"isAutoShareEnabled":true,"autoShareEndMode":"never","automationSources":{"useCustomSentences":false,"customSentences":[]},"followers":[],"suggestedReferences":[],"efiUrl":"","efiAlt":"","highlights":[],"permalinkQueryArgs":[],"series":[]},"_links":{"self":[{"href":"https:\/\/www.enteratever.com\/2023\/wp-json\/wp\/v2\/posts\/173239","targetHints":{"allow":["GET"]}}],"collection":[{"href":"https:\/\/www.enteratever.com\/2023\/wp-json\/wp\/v2\/posts"}],"about":[{"href":"https:\/\/www.enteratever.com\/2023\/wp-json\/wp\/v2\/types\/post"}],"author":[{"embeddable":true,"href":"https:\/\/www.enteratever.com\/2023\/wp-json\/wp\/v2\/users\/4"}],"replies":[{"embeddable":true,"href":"https:\/\/www.enteratever.com\/2023\/wp-json\/wp\/v2\/comments?post=173239"}],"version-history":[{"count":0,"href":"https:\/\/www.enteratever.com\/2023\/wp-json\/wp\/v2\/posts\/173239\/revisions"}],"wp:featuredmedia":[{"embeddable":true,"href":"https:\/\/www.enteratever.com\/2023\/wp-json\/wp\/v2\/media\/173240"}],"wp:attachment":[{"href":"https:\/\/www.enteratever.com\/2023\/wp-json\/wp\/v2\/media?parent=173239"}],"wp:term":[{"taxonomy":"category","embeddable":true,"href":"https:\/\/www.enteratever.com\/2023\/wp-json\/wp\/v2\/categories?post=173239"},{"taxonomy":"post_tag","embeddable":true,"href":"https:\/\/www.enteratever.com\/2023\/wp-json\/wp\/v2\/tags?post=173239"}],"curies":[{"name":"wp","href":"https:\/\/api.w.org\/{rel}","templated":true}]}}