{"id":173235,"date":"2021-02-15T22:39:54","date_gmt":"2021-02-15T22:39:54","guid":{"rendered":"https:\/\/www.enteratever.com\/2023\/poza-rica-pasa-a-semaforo-naranja\/"},"modified":"2021-02-15T22:39:54","modified_gmt":"2021-02-15T22:39:54","slug":"poza-rica-pasa-a-semaforo-naranja","status":"publish","type":"post","link":"https:\/\/www.enteratever.com\/2023\/2021\/02\/15\/poza-rica-pasa-a-semaforo-naranja\/","title":{"rendered":"Poza Rica pasa a sem\u00e1foro naranja"},"content":{"rendered":"<p>Visitas: 9<\/p>\n<p class=\"wp-block-paragraph\">De acuerdo a la actualizaci\u00f3n de los datos que la Secretar\u00eda de Salud ha dado a conocer, el municipio de Poza Rica pas\u00f3 a color naranja, esto debido a que han bajado los \u00edndices de contagio, se sabe que son siete las personas que se infectan de este virus, por lo que el color naranja se mantendr\u00e1 hasta fin de mes.<\/p>\n\n\n\n<p class=\"wp-block-paragraph\">Se sabe que en el \u00faltimo reporte de la Secretaria de Salud P\u00fablica se tiene contabilizado que 3 mil 433 casos confirmados , lo que indica que a comparaci\u00f3n de una semana anterior, con 3 mil 380 casos solo se presentaron 53 durante esta semana , con pocos contagios a comparaci\u00f3n del mes anterior donde se presentaron 135 casos semanales, lo anterior como consecuencia de las estrictas acciones sanitarias implementadas por los viles de gobierno.<\/p>\n\n\n\n<p class=\"wp-block-paragraph\">El municipio cuenta con mil 099 casos sospechosos y 518 defunciones, por lo que sigue ocupando el tercer lugar en casos a nivel estatal, como es bien sabido el municipio desde el mes de diciembre del a\u00f1o pasado se mantiene en sem\u00e1foro color rojo, por lo que esto representa un avance importante, pero es necesario seguir con las medidas sanitarias, esto a fin de evitar el regresar al color rojo y que se tengan que implementar medidas estrictas.<\/p>\n\n\n\n<p class=\"wp-block-paragraph\">Este lunes 15 de febrero los pozarricense despertaron con la noticia de que el municipio se encontraba en sem\u00e1foro color naranja, por lo que el Secretario de Salud del Estado argument\u00f3 que es necesario que no bajen la guardia, por lo que invit\u00f3 a seguir las medidas sanitarias implementadas para evitar el aumento de contagios, ya que record\u00f3 que el mes de enero implementaron los contagios debido a las fiestas que se estuvieron haciendo durante la temporada decembrina.<\/p>\n\n\n\n<p class=\"wp-block-paragraph\">Record\u00f3 que es necesario proteger a las personas en estado vulnerable como son los abuelitos, los cuales a pesar de que ya se comenz\u00f3 con la primera etapa de vacunaci\u00f3n es necesario no exponerlos, adem\u00e1s de que durante la semana se estar\u00e1n registrando bajas temperaturas en la regi\u00f3n, por lo que solicitan que se abriguen y si no tiene a qu\u00e9 salir no lo hagan.<\/p>\n\n\n\n<figure class=\"wp-block-gallery columns-1 wp-block-gallery-1 is-layout-flex wp-block-gallery-is-layout-flex\"><ul class=\"blocks-gallery-grid\"><li class=\"blocks-gallery-item\"><figure><img decoding=\"async\" src=\"https:\/\/www.enteratever.com\/2020\/wp-content\/uploads\/2021\/02\/WhatsApp-Image-2021-02-15-at-16.32.42.jpeg\" alt=\"\" data-id=\"36949\" data-full-url=\"https:\/\/www.enteratever.com\/2020\/wp-content\/uploads\/2021\/02\/WhatsApp-Image-2021-02-15-at-16.32.42.jpeg\" data-link=\"https:\/\/www.enteratever.com\/?attachment_id=36949\" class=\"wp-image-36949\"\/><\/figure><\/li><li class=\"blocks-gallery-item\"><figure><img decoding=\"async\" src=\"https:\/\/www.enteratever.com\/2020\/wp-content\/uploads\/2021\/02\/WhatsApp-Image-2021-02-15-at-16.32.43.jpeg\" alt=\"\" data-id=\"36950\" data-full-url=\"https:\/\/www.enteratever.com\/2020\/wp-content\/uploads\/2021\/02\/WhatsApp-Image-2021-02-15-at-16.32.43.jpeg\" data-link=\"https:\/\/www.enteratever.com\/?attachment_id=36950\" class=\"wp-image-36950\"\/><\/figure><\/li><li class=\"blocks-gallery-item\"><figure><img decoding=\"async\" src=\"https:\/\/www.enteratever.com\/2020\/wp-content\/uploads\/2021\/02\/WhatsApp-Image-2021-02-15-at-16.32.44.jpeg\" alt=\"\" data-id=\"36951\" data-full-url=\"https:\/\/www.enteratever.com\/2020\/wp-content\/uploads\/2021\/02\/WhatsApp-Image-2021-02-15-at-16.32.44.jpeg\" data-link=\"https:\/\/www.enteratever.com\/?attachment_id=36951\" class=\"wp-image-36951\"\/><\/figure><\/li><\/ul><\/figure>\n","protected":false},"excerpt":{"rendered":"<p>Visitas: 9 De acuerdo a la actualizaci\u00f3n de los datos que la Secretar\u00eda de Salud ha dado a conocer, el municipio de Poza Rica pas\u00f3 a color naranja, esto debido a que han bajado los \u00edndices de contagio, se sabe que son siete las personas que se infectan de este virus, por lo que el [&hellip;]<\/p>\n","protected":false},"author":4,"featured_media":173236,"comment_status":"open","ping_status":"open","sticky":false,"template":"","format":"standard","meta":{"footnotes":""},"categories":[213],"tags":[],"class_list":["post-173235","post","type-post","status-publish","format-standard","has-post-thumbnail","category-poza-rica"],"nelio_content":{"isAutoShareEnabled":true,"autoShareEndMode":"never","automationSources":{"useCustomSentences":false,"customSentences":[]},"followers":[],"suggestedReferences":[],"efiUrl":"","efiAlt":"","highlights":[],"permalinkQueryArgs":[],"series":[]},"_links":{"self":[{"href":"https:\/\/www.enteratever.com\/2023\/wp-json\/wp\/v2\/posts\/173235","targetHints":{"allow":["GET"]}}],"collection":[{"href":"https:\/\/www.enteratever.com\/2023\/wp-json\/wp\/v2\/posts"}],"about":[{"href":"https:\/\/www.enteratever.com\/2023\/wp-json\/wp\/v2\/types\/post"}],"author":[{"embeddable":true,"href":"https:\/\/www.enteratever.com\/2023\/wp-json\/wp\/v2\/users\/4"}],"replies":[{"embeddable":true,"href":"https:\/\/www.enteratever.com\/2023\/wp-json\/wp\/v2\/comments?post=173235"}],"version-history":[{"count":0,"href":"https:\/\/www.enteratever.com\/2023\/wp-json\/wp\/v2\/posts\/173235\/revisions"}],"wp:featuredmedia":[{"embeddable":true,"href":"https:\/\/www.enteratever.com\/2023\/wp-json\/wp\/v2\/media\/173236"}],"wp:attachment":[{"href":"https:\/\/www.enteratever.com\/2023\/wp-json\/wp\/v2\/media?parent=173235"}],"wp:term":[{"taxonomy":"category","embeddable":true,"href":"https:\/\/www.enteratever.com\/2023\/wp-json\/wp\/v2\/categories?post=173235"},{"taxonomy":"post_tag","embeddable":true,"href":"https:\/\/www.enteratever.com\/2023\/wp-json\/wp\/v2\/tags?post=173235"}],"curies":[{"name":"wp","href":"https:\/\/api.w.org\/{rel}","templated":true}]}}