{"id":173225,"date":"2021-02-12T22:58:13","date_gmt":"2021-02-12T22:58:13","guid":{"rendered":"https:\/\/www.enteratever.com\/2023\/vecinos-de-la-laredo-exige-el-servicio-de-agua\/"},"modified":"2021-02-12T22:58:13","modified_gmt":"2021-02-12T22:58:13","slug":"vecinos-de-la-laredo-exige-el-servicio-de-agua","status":"publish","type":"post","link":"https:\/\/www.enteratever.com\/2023\/2021\/02\/12\/vecinos-de-la-laredo-exige-el-servicio-de-agua\/","title":{"rendered":"Vecinos de la Laredo exige el servicio de agua"},"content":{"rendered":"<p>Visitas: 3<\/p>\n<p class=\"wp-block-paragraph\">Poza Rica, Veracruz.- Vecinos de la colona Laredo manifestaron su inconformidad ante el mal servicio que la Comisi\u00f3n del Agua del Estado de Veracruz (CAEV) les est\u00e1 brindando, pues llevan m\u00e1s de un a\u00f1o padeciendo de un servicio de decadencia, ya que solo reciben el l\u00edquido vital una vez por semana, cuando anteriormente el agua les llegaba dos veces a la semana.<\/p>\n\n\n\n<p class=\"wp-block-paragraph\">De acuerdo a los afectados llevan varias semanas que no les llega el agua a sus hogares, por lo que decidieron hacer p\u00fablico el problema que enfrentan, pues a pesar de que ya acudieron a solicitar que se les reactive el servicio Guillermo Gonz\u00e1lez Alamillo, titular de la oficina de Caev en esta ciudad les prometi\u00f3 que este d\u00eda el servicio les estar\u00eda regresando, pero solo los enga\u00f1\u00f3.<\/p>\n\n\n\n<p class=\"wp-block-paragraph\">Adem\u00e1s de que no les han podido donar agua ya que la Caev solicit\u00f3 el apoyo de las autoridades municipales y el ayuntamiento se los neg\u00f3, es por eso que los habitantes de esta zona han tenido que comprar pipas de agua que salen en promedio de 600 pesos, por lo que consideran injusto ya que ellos pagan el servicio de manera anticipada, mientras que otros mantiene sus pagos puntuales, motivo por el cual exigen que se les env\u00ede el servicio por el que ya pagaron.<br>.<br>De acuerdo con el representante de la colonia Laredo, Carlos Gonz\u00e1lez Blanco, se\u00f1alo que esta misma situaci\u00f3n la est\u00e1n viviendo vecinos de toda la colonia, cuando ellos se encuentran en el primer cuadro de la ciudad, por lo que ya se sienten cansados que solo est\u00e9n jugando con ellos, argumentan que muchos de ellos tiene semanas sin poder limpiar sus viviendas como deber\u00eda de ser.<\/p>\n\n\n\n<p class=\"wp-block-paragraph\">La se\u00f1ora a Gloria Morales, se\u00f1al\u00f3 que con la pandemia del Covid-19 es fundamental con el l\u00edquido vital, para poder limpiar sus casas y poderse ba\u00f1ar una vez de que llegan del centro de la ciudad o alg\u00fan otro lugar, adem\u00e1s de que algunas colonias todos los d\u00edas tienen el servicio, por lo que no entienden que ellos que se ubican en el centro de la ciudad no cuentan con el servicio como debiera.<\/p>\n\n\n\n<figure class=\"wp-block-gallery columns-1 is-cropped wp-block-gallery-1 is-layout-flex wp-block-gallery-is-layout-flex\"><ul class=\"blocks-gallery-grid\"><li class=\"blocks-gallery-item\"><figure><img decoding=\"async\" src=\"https:\/\/www.enteratever.com\/2020\/wp-content\/uploads\/2021\/02\/WhatsApp-Image-2021-02-12-at-16.48.02.jpeg\" alt=\"\" data-id=\"36742\" data-full-url=\"https:\/\/www.enteratever.com\/2020\/wp-content\/uploads\/2021\/02\/WhatsApp-Image-2021-02-12-at-16.48.02.jpeg\" data-link=\"https:\/\/www.enteratever.com\/?attachment_id=36742\" class=\"wp-image-36742\"\/><\/figure><\/li><li class=\"blocks-gallery-item\"><figure><img decoding=\"async\" src=\"https:\/\/www.enteratever.com\/2020\/wp-content\/uploads\/2021\/02\/WhatsApp-Image-2021-02-12-at-16.48.03.jpeg\" alt=\"\" data-id=\"36743\" data-full-url=\"https:\/\/www.enteratever.com\/2020\/wp-content\/uploads\/2021\/02\/WhatsApp-Image-2021-02-12-at-16.48.03.jpeg\" data-link=\"https:\/\/www.enteratever.com\/?attachment_id=36743\" class=\"wp-image-36743\"\/><\/figure><\/li><li class=\"blocks-gallery-item\"><figure><img decoding=\"async\" src=\"https:\/\/www.enteratever.com\/2020\/wp-content\/uploads\/2021\/02\/WhatsApp-Image-2021-02-12-at-16.48.04.jpeg\" alt=\"\" data-id=\"36744\" data-full-url=\"https:\/\/www.enteratever.com\/2020\/wp-content\/uploads\/2021\/02\/WhatsApp-Image-2021-02-12-at-16.48.04.jpeg\" data-link=\"https:\/\/www.enteratever.com\/?attachment_id=36744\" class=\"wp-image-36744\"\/><\/figure><\/li><li class=\"blocks-gallery-item\"><figure><img decoding=\"async\" src=\"https:\/\/www.enteratever.com\/2020\/wp-content\/uploads\/2021\/02\/WhatsApp-Image-2021-02-12-at-16.48.05.jpeg\" alt=\"\" data-id=\"36745\" data-full-url=\"https:\/\/www.enteratever.com\/2020\/wp-content\/uploads\/2021\/02\/WhatsApp-Image-2021-02-12-at-16.48.05.jpeg\" data-link=\"https:\/\/www.enteratever.com\/?attachment_id=36745\" class=\"wp-image-36745\"\/><\/figure><\/li><li class=\"blocks-gallery-item\"><figure><img decoding=\"async\" src=\"https:\/\/www.enteratever.com\/2020\/wp-content\/uploads\/2021\/02\/WhatsApp-Image-2021-02-12-at-16.48.06.jpeg\" alt=\"\" data-id=\"36747\" data-full-url=\"https:\/\/www.enteratever.com\/2020\/wp-content\/uploads\/2021\/02\/WhatsApp-Image-2021-02-12-at-16.48.06.jpeg\" data-link=\"https:\/\/www.enteratever.com\/?attachment_id=36747\" class=\"wp-image-36747\"\/><\/figure><\/li><li class=\"blocks-gallery-item\"><figure><img decoding=\"async\" src=\"https:\/\/www.enteratever.com\/2020\/wp-content\/uploads\/2021\/02\/WhatsApp-Image-2021-02-12-at-16.48.07.jpeg\" alt=\"\" data-id=\"36748\" data-full-url=\"https:\/\/www.enteratever.com\/2020\/wp-content\/uploads\/2021\/02\/WhatsApp-Image-2021-02-12-at-16.48.07.jpeg\" data-link=\"https:\/\/www.enteratever.com\/?attachment_id=36748\" class=\"wp-image-36748\"\/><\/figure><\/li><\/ul><\/figure>\n","protected":false},"excerpt":{"rendered":"<p>Visitas: 3 Poza Rica, Veracruz.- Vecinos de la colona Laredo manifestaron su inconformidad ante el mal servicio que la Comisi\u00f3n del Agua del Estado de Veracruz (CAEV) les est\u00e1 brindando, pues llevan m\u00e1s de un a\u00f1o padeciendo de un servicio de decadencia, ya que solo reciben el l\u00edquido vital una vez por semana, cuando anteriormente [&hellip;]<\/p>\n","protected":false},"author":4,"featured_media":173226,"comment_status":"open","ping_status":"open","sticky":false,"template":"","format":"standard","meta":{"footnotes":""},"categories":[213],"tags":[],"class_list":["post-173225","post","type-post","status-publish","format-standard","has-post-thumbnail","category-poza-rica"],"nelio_content":{"isAutoShareEnabled":true,"autoShareEndMode":"never","automationSources":{"useCustomSentences":false,"customSentences":[]},"followers":[],"suggestedReferences":[],"efiUrl":"","efiAlt":"","highlights":[],"permalinkQueryArgs":[],"series":[]},"_links":{"self":[{"href":"https:\/\/www.enteratever.com\/2023\/wp-json\/wp\/v2\/posts\/173225","targetHints":{"allow":["GET"]}}],"collection":[{"href":"https:\/\/www.enteratever.com\/2023\/wp-json\/wp\/v2\/posts"}],"about":[{"href":"https:\/\/www.enteratever.com\/2023\/wp-json\/wp\/v2\/types\/post"}],"author":[{"embeddable":true,"href":"https:\/\/www.enteratever.com\/2023\/wp-json\/wp\/v2\/users\/4"}],"replies":[{"embeddable":true,"href":"https:\/\/www.enteratever.com\/2023\/wp-json\/wp\/v2\/comments?post=173225"}],"version-history":[{"count":0,"href":"https:\/\/www.enteratever.com\/2023\/wp-json\/wp\/v2\/posts\/173225\/revisions"}],"wp:featuredmedia":[{"embeddable":true,"href":"https:\/\/www.enteratever.com\/2023\/wp-json\/wp\/v2\/media\/173226"}],"wp:attachment":[{"href":"https:\/\/www.enteratever.com\/2023\/wp-json\/wp\/v2\/media?parent=173225"}],"wp:term":[{"taxonomy":"category","embeddable":true,"href":"https:\/\/www.enteratever.com\/2023\/wp-json\/wp\/v2\/categories?post=173225"},{"taxonomy":"post_tag","embeddable":true,"href":"https:\/\/www.enteratever.com\/2023\/wp-json\/wp\/v2\/tags?post=173225"}],"curies":[{"name":"wp","href":"https:\/\/api.w.org\/{rel}","templated":true}]}}