{"id":173205,"date":"2021-02-11T21:59:37","date_gmt":"2021-02-11T21:59:37","guid":{"rendered":"https:\/\/www.enteratever.com\/2023\/se-adelantaran-pagos-de-programas-sociales-ante-el-proceso-electoral\/"},"modified":"2021-02-11T21:59:37","modified_gmt":"2021-02-11T21:59:37","slug":"se-adelantaran-pagos-de-programas-sociales-ante-el-proceso-electoral","status":"publish","type":"post","link":"https:\/\/www.enteratever.com\/2023\/2021\/02\/11\/se-adelantaran-pagos-de-programas-sociales-ante-el-proceso-electoral\/","title":{"rendered":"Se adelantar\u00e1n pagos de programas sociales ante el proceso electoral"},"content":{"rendered":"<p>Visitas: 1<\/p>\n<p class=\"wp-block-paragraph\">Poza Rica, Veracruz.- De acuerdo con Emilio Olvera Andrade, delegado regional de Programas Sociales de la Secretaria del Bienestar, dio a conocer que para evitar cualquier tipo de controversia con el pago de programas sociales, ser\u00e1 el pr\u00f3ximo mes de abril cuando se realicen el pago de pensiones adelantado de dos bimestres, ya que este a\u00f1os se estar\u00e1n llevando a cabo las elecciones donde estar\u00e1 eligiendo a presidente municipal y diputados.<\/p>\n\n\n\n<p class=\"wp-block-paragraph\">En entrevista el delegado se\u00f1al\u00f3 que de acuerdo al apego a la Ley General de Instituciones y Procedimientos Electorales, se estar\u00e1 alentando el pago del programa de adultos mayores y personas con discapacidad, de los bimestres marzo-abril y mayo-junio, es decir, cuatro meses en una sola exhibici\u00f3n, periodo en el que se estar\u00e1n llevando el proceso electoral.<\/p>\n\n\n\n<p class=\"wp-block-paragraph\">En este sentido el delegado regional hizo un llamado a los beneficiarios a no dejarse enga\u00f1ar y denunciar cualquier persona que intente lucrar con los programas sociales, asever\u00f3 que aprovecharse de la necesidad de la gente, actualmente esta considerado como un delito grave, pues es com\u00fan que en estos tiempos es cuando aparecen los falsos gestores de programas sociales.<\/p>\n\n\n\n<p class=\"wp-block-paragraph\">Record\u00f3 que en meses pasados se present\u00f3 una situaci\u00f3n con una persona la cual el aso ya est\u00e1 con los representantes jur\u00eddicos de Bienestar, se\u00f1al\u00f3 que muchas veces realizan este tipo de actos con personas de comunidades o de lugares marginados, es por eso que es importante que la sociedad sepa no se puede lucrar con los programas sociales.<\/p>\n\n\n\n<p class=\"wp-block-paragraph\">Cabe mencionar que Andr\u00e9s Manuel L\u00f3pez Obrador, Presidente de M\u00e9xico en conferencia de prensa inform\u00f3 que a los beneficiarios de programas sociales se les adelantar\u00e1 la entrega de los recursos que reciben de Becas para el Bienestar Benito Ju\u00e1rez, del programa para el Bienestar de las Personas Adultas Mayores y la pensi\u00f3n para el bienestar de las personas con discapacidad.<\/p>\n\n\n\n<figure class=\"wp-block-gallery columns-1 is-cropped wp-block-gallery-1 is-layout-flex wp-block-gallery-is-layout-flex\"><ul class=\"blocks-gallery-grid\"><li class=\"blocks-gallery-item\"><figure><img decoding=\"async\" src=\"https:\/\/www.enteratever.com\/2020\/wp-content\/uploads\/2021\/02\/WhatsApp-Image-2021-02-11-at-15.38.17.jpeg\" alt=\"\" data-id=\"36618\" data-full-url=\"https:\/\/www.enteratever.com\/2020\/wp-content\/uploads\/2021\/02\/WhatsApp-Image-2021-02-11-at-15.38.17.jpeg\" data-link=\"https:\/\/www.enteratever.com\/?attachment_id=36618\" class=\"wp-image-36618\"\/><\/figure><\/li><li class=\"blocks-gallery-item\"><figure><img decoding=\"async\" src=\"https:\/\/www.enteratever.com\/2020\/wp-content\/uploads\/2021\/02\/WhatsApp-Image-2021-02-11-at-15.38.18.jpeg\" alt=\"\" data-id=\"36619\" data-full-url=\"https:\/\/www.enteratever.com\/2020\/wp-content\/uploads\/2021\/02\/WhatsApp-Image-2021-02-11-at-15.38.18.jpeg\" data-link=\"https:\/\/www.enteratever.com\/?attachment_id=36619\" class=\"wp-image-36619\"\/><\/figure><\/li><li class=\"blocks-gallery-item\"><figure><img decoding=\"async\" src=\"https:\/\/www.enteratever.com\/2020\/wp-content\/uploads\/2021\/02\/WhatsApp-Image-2021-02-11-at-15.38.19.jpeg\" alt=\"\" data-id=\"36620\" data-full-url=\"https:\/\/www.enteratever.com\/2020\/wp-content\/uploads\/2021\/02\/WhatsApp-Image-2021-02-11-at-15.38.19.jpeg\" data-link=\"https:\/\/www.enteratever.com\/?attachment_id=36620\" class=\"wp-image-36620\"\/><\/figure><\/li><li class=\"blocks-gallery-item\"><figure><img decoding=\"async\" src=\"https:\/\/www.enteratever.com\/2020\/wp-content\/uploads\/2021\/02\/WhatsApp-Image-2021-02-11-at-15.38.20.jpeg\" alt=\"\" data-id=\"36621\" data-full-url=\"https:\/\/www.enteratever.com\/2020\/wp-content\/uploads\/2021\/02\/WhatsApp-Image-2021-02-11-at-15.38.20.jpeg\" data-link=\"https:\/\/www.enteratever.com\/?attachment_id=36621\" class=\"wp-image-36621\"\/><\/figure><\/li><li class=\"blocks-gallery-item\"><figure><img decoding=\"async\" src=\"https:\/\/www.enteratever.com\/2020\/wp-content\/uploads\/2021\/02\/WhatsApp-Image-2021-02-11-at-15.38.21.jpeg\" alt=\"\" data-id=\"36622\" data-full-url=\"https:\/\/www.enteratever.com\/2020\/wp-content\/uploads\/2021\/02\/WhatsApp-Image-2021-02-11-at-15.38.21.jpeg\" data-link=\"https:\/\/www.enteratever.com\/?attachment_id=36622\" class=\"wp-image-36622\"\/><\/figure><\/li><\/ul><\/figure>\n","protected":false},"excerpt":{"rendered":"<p>Visitas: 1 Poza Rica, Veracruz.- De acuerdo con Emilio Olvera Andrade, delegado regional de Programas Sociales de la Secretaria del Bienestar, dio a conocer que para evitar cualquier tipo de controversia con el pago de programas sociales, ser\u00e1 el pr\u00f3ximo mes de abril cuando se realicen el pago de pensiones adelantado de dos bimestres, ya [&hellip;]<\/p>\n","protected":false},"author":4,"featured_media":173206,"comment_status":"open","ping_status":"open","sticky":false,"template":"","format":"standard","meta":{"footnotes":""},"categories":[213],"tags":[],"class_list":["post-173205","post","type-post","status-publish","format-standard","has-post-thumbnail","category-poza-rica"],"nelio_content":{"isAutoShareEnabled":true,"autoShareEndMode":"never","automationSources":{"useCustomSentences":false,"customSentences":[]},"followers":[],"suggestedReferences":[],"efiUrl":"","efiAlt":"","highlights":[],"permalinkQueryArgs":[],"series":[]},"_links":{"self":[{"href":"https:\/\/www.enteratever.com\/2023\/wp-json\/wp\/v2\/posts\/173205","targetHints":{"allow":["GET"]}}],"collection":[{"href":"https:\/\/www.enteratever.com\/2023\/wp-json\/wp\/v2\/posts"}],"about":[{"href":"https:\/\/www.enteratever.com\/2023\/wp-json\/wp\/v2\/types\/post"}],"author":[{"embeddable":true,"href":"https:\/\/www.enteratever.com\/2023\/wp-json\/wp\/v2\/users\/4"}],"replies":[{"embeddable":true,"href":"https:\/\/www.enteratever.com\/2023\/wp-json\/wp\/v2\/comments?post=173205"}],"version-history":[{"count":0,"href":"https:\/\/www.enteratever.com\/2023\/wp-json\/wp\/v2\/posts\/173205\/revisions"}],"wp:featuredmedia":[{"embeddable":true,"href":"https:\/\/www.enteratever.com\/2023\/wp-json\/wp\/v2\/media\/173206"}],"wp:attachment":[{"href":"https:\/\/www.enteratever.com\/2023\/wp-json\/wp\/v2\/media?parent=173205"}],"wp:term":[{"taxonomy":"category","embeddable":true,"href":"https:\/\/www.enteratever.com\/2023\/wp-json\/wp\/v2\/categories?post=173205"},{"taxonomy":"post_tag","embeddable":true,"href":"https:\/\/www.enteratever.com\/2023\/wp-json\/wp\/v2\/tags?post=173205"}],"curies":[{"name":"wp","href":"https:\/\/api.w.org\/{rel}","templated":true}]}}