{"id":173203,"date":"2021-02-11T21:55:30","date_gmt":"2021-02-11T21:55:30","guid":{"rendered":"https:\/\/www.enteratever.com\/2023\/no-es-definitivo-el-cierre-de-los-cines-en-poza-rica\/"},"modified":"2021-02-11T21:55:30","modified_gmt":"2021-02-11T21:55:30","slug":"no-es-definitivo-el-cierre-de-los-cines-en-poza-rica","status":"publish","type":"post","link":"https:\/\/www.enteratever.com\/2023\/2021\/02\/11\/no-es-definitivo-el-cierre-de-los-cines-en-poza-rica\/","title":{"rendered":"No es definitivo el cierre de los cines en Poza Rica"},"content":{"rendered":"<p>Visitas: 170<\/p>\n<p class=\"wp-block-paragraph\">Ante el cierre de las sucursales del la empresa Cinemex en este municipio, personal inform\u00f3 que para el cierre no es definitivo como un medio de comunicaci\u00f3n dio a conocer, sino solo por un espacio de dos meses, esto debido al sem\u00e1foro epidemiol\u00f3gico, ya que la ciudad se encuentran en color rojo, por lo que las autoridades han solicitado que los cines se mantengan cerrados ya que no est\u00e1n considerados como una actividad primordial.<\/p>\n\n\n\n<p class=\"wp-block-paragraph\">Se\u00f1alan que hasta la fecha se han registrado un promedio de 20 despidos en ambos establecimientos que tiene la empresa en la ciudad, adem\u00e1s de que padecen incertidumbre debido al cierre temporal de la empresa a nivel nacional, se sabe que al parecer cambiar\u00e1 de raz\u00f3n social, por lo que ahora los trabajadores que lograron subsistir, temen perder sus garant\u00edas laborales ante el cambio.<\/p>\n\n\n\n<figure class=\"wp-block-image size-full\"><img decoding=\"async\" src=\"https:\/\/www.enteratever.com\/2020\/wp-content\/uploads\/2021\/02\/WhatsApp-Image-2021-02-11-at-15.21.51.jpeg\" alt=\"\" class=\"wp-image-36613\"\/><\/figure>\n\n\n\n<p class=\"wp-block-paragraph\">Hasta el momento la empresa solo les ha informado que el cierre es temporal, para unirse a las acciones para frenar los contagios por Coronavirus, principalmente en los estados y ciudades con alto \u00edndice de contagios como es el caso de Poza Rica, donde los contagios continua a pesar de las medidas de las autoridades.<\/p>\n\n\n\n<p class=\"wp-block-paragraph\">Los afectados se\u00f1alan que hasta el momento las gerencias de ambas sucursales de Cinemex en Poza Rica no han emitido alguna informaci\u00f3n oficial sobre la situaci\u00f3n en la que se encuentran, pero algunos trabajadores indicaron que del 2020 a la fecha se han realizado m\u00e1s de 20 despidos por no poder mantener la plantilla con los bajos ingresos que se han tenido durante \u00e9l impacto del Covid-19.<\/p>\n\n\n\n<figure class=\"wp-block-image size-full\"><img decoding=\"async\" src=\"https:\/\/www.enteratever.com\/2020\/wp-content\/uploads\/2021\/02\/WhatsApp-Image-2021-02-11-at-15.21.52.jpeg\" alt=\"\" class=\"wp-image-36614\"\/><\/figure>\n\n\n\n<p class=\"wp-block-paragraph\">Argumentaron que que les indicaron que el cierre es temporal, hasta que el sem\u00e1foro cambie, pero entre algunos hay temor de que sea definitivo y sean despedidos, ya que hasta el momento ya suman mas de 20 personas despedidas desde que el cine paraliz\u00f3 actividades, cabe destacar que muchos de los trabajadores son estudiantes y era la forma de poder pagar sus estudios universitarios.<\/p>\n","protected":false},"excerpt":{"rendered":"<p>Visitas: 170 Ante el cierre de las sucursales del la empresa Cinemex en este municipio, personal inform\u00f3 que para el cierre no es definitivo como un medio de comunicaci\u00f3n dio a conocer, sino solo por un espacio de dos meses, esto debido al sem\u00e1foro epidemiol\u00f3gico, ya que la ciudad se encuentran en color rojo, por [&hellip;]<\/p>\n","protected":false},"author":4,"featured_media":173204,"comment_status":"open","ping_status":"open","sticky":false,"template":"","format":"standard","meta":{"footnotes":""},"categories":[213],"tags":[],"class_list":["post-173203","post","type-post","status-publish","format-standard","has-post-thumbnail","category-poza-rica"],"nelio_content":{"isAutoShareEnabled":true,"autoShareEndMode":"never","automationSources":{"useCustomSentences":false,"customSentences":[]},"followers":[],"suggestedReferences":[],"efiUrl":"","efiAlt":"","highlights":[],"permalinkQueryArgs":[],"series":[]},"_links":{"self":[{"href":"https:\/\/www.enteratever.com\/2023\/wp-json\/wp\/v2\/posts\/173203","targetHints":{"allow":["GET"]}}],"collection":[{"href":"https:\/\/www.enteratever.com\/2023\/wp-json\/wp\/v2\/posts"}],"about":[{"href":"https:\/\/www.enteratever.com\/2023\/wp-json\/wp\/v2\/types\/post"}],"author":[{"embeddable":true,"href":"https:\/\/www.enteratever.com\/2023\/wp-json\/wp\/v2\/users\/4"}],"replies":[{"embeddable":true,"href":"https:\/\/www.enteratever.com\/2023\/wp-json\/wp\/v2\/comments?post=173203"}],"version-history":[{"count":0,"href":"https:\/\/www.enteratever.com\/2023\/wp-json\/wp\/v2\/posts\/173203\/revisions"}],"wp:featuredmedia":[{"embeddable":true,"href":"https:\/\/www.enteratever.com\/2023\/wp-json\/wp\/v2\/media\/173204"}],"wp:attachment":[{"href":"https:\/\/www.enteratever.com\/2023\/wp-json\/wp\/v2\/media?parent=173203"}],"wp:term":[{"taxonomy":"category","embeddable":true,"href":"https:\/\/www.enteratever.com\/2023\/wp-json\/wp\/v2\/categories?post=173203"},{"taxonomy":"post_tag","embeddable":true,"href":"https:\/\/www.enteratever.com\/2023\/wp-json\/wp\/v2\/tags?post=173203"}],"curies":[{"name":"wp","href":"https:\/\/api.w.org\/{rel}","templated":true}]}}