{"id":173187,"date":"2021-02-10T20:31:37","date_gmt":"2021-02-10T20:31:37","guid":{"rendered":"https:\/\/www.enteratever.com\/2023\/culmina-el-tiempo-para-tramitar-sus-credenciales-de-elector\/"},"modified":"2021-02-10T20:31:37","modified_gmt":"2021-02-10T20:31:37","slug":"culmina-el-tiempo-para-tramitar-sus-credenciales-de-elector","status":"publish","type":"post","link":"https:\/\/www.enteratever.com\/2023\/2021\/02\/10\/culmina-el-tiempo-para-tramitar-sus-credenciales-de-elector\/","title":{"rendered":"Culmina el tiempo para tramitar sus credenciales de elector"},"content":{"rendered":"<p>Visitas: 3<\/p>\n<p class=\"wp-block-paragraph\">Se cumple el plazo para que los ciudadanos puedan acudir a los m\u00f3dulos del Instituto Nacional Electoral (INE) para actualizar sus credenciales elector, pues la dependencia dio como d\u00eda l\u00edmite el 10 de febrero, por lo que el m\u00f3dulo que se encuentra ubicado en bulevar Adolfo Ruiz Cortines se abarrot\u00f3 de personas que requer\u00edan realizar dicho tr\u00e1mite.<\/p>\n\n\n\n<p class=\"wp-block-paragraph\">Debido a qu\u00e9 las citas que se ten\u00edan programadas en la p\u00e1gina del INE se terminaron y ante la gran demanda por parte de la poblaci\u00f3n se decidi\u00f3 atender a la ciudadan\u00eda sin cita previa, esto a fin de poder agilizar los tr\u00e1mites, por lo que los ciudadanos estuvieron acudiendo desde temprana hora para que realizar sus tr\u00e1mites correspondientes.<\/p>\n\n\n\n<p class=\"wp-block-paragraph\">Fue de esta manera que los ciudadanos tuvieron la oportunidad de renovar su credencial para votar con fotograf\u00eda para estar preparados y participar en el proceso de elecci\u00f3n del seis de junio, en donde se estar\u00e1n renovando diputaciones federales, locales y presidencias municipales, por lo que la ciudad ya se encuentra preparada.<\/p>\n\n\n\n<figure class=\"wp-block-image size-full\"><img decoding=\"async\" src=\"https:\/\/www.enteratever.com\/2020\/wp-content\/uploads\/2021\/02\/WhatsApp-Image-2021-02-10-at-12.40.39.jpeg\" alt=\"\" class=\"wp-image-36444\"\/><\/figure>\n\n\n\n<p class=\"wp-block-paragraph\">Cabe mencionar que en los m\u00f3dulos de los municipios de Tihuatl\u00e1n, y Coatzintla los ciudadanos tambi\u00e9n tiene hasta este d\u00eda para realizar los tr\u00e1mites, por lo que el personal de la dependencia se\u00f1ala que han tenido muy buena respuesta por parte de la poblaci\u00f3n, adem\u00e1s de que estuvo ampliando el horario de atenci\u00f3n para que la mayor cantidad de personas pudieran pasar.<\/p>\n\n\n\n<p class=\"wp-block-paragraph\">En algunas partes de la rep\u00fablica los ciudadanos tuvieron que hacer largas filas para poder tramitar sus credenciales, algunos se\u00f1alaban que estuvieron desde las cuatro de la ma\u00f1ana y ocupaban el n\u00famero 49, por lo que el personal no era el suficiente para poder atender la gran demanda por parte de la ciudadan\u00eda.<\/p>\n","protected":false},"excerpt":{"rendered":"<p>Visitas: 3 Se cumple el plazo para que los ciudadanos puedan acudir a los m\u00f3dulos del Instituto Nacional Electoral (INE) para actualizar sus credenciales elector, pues la dependencia dio como d\u00eda l\u00edmite el 10 de febrero, por lo que el m\u00f3dulo que se encuentra ubicado en bulevar Adolfo Ruiz Cortines se abarrot\u00f3 de personas que [&hellip;]<\/p>\n","protected":false},"author":4,"featured_media":173188,"comment_status":"open","ping_status":"open","sticky":false,"template":"","format":"standard","meta":{"footnotes":""},"categories":[213],"tags":[],"class_list":["post-173187","post","type-post","status-publish","format-standard","has-post-thumbnail","category-poza-rica"],"nelio_content":{"isAutoShareEnabled":true,"autoShareEndMode":"never","automationSources":{"useCustomSentences":false,"customSentences":[]},"followers":[],"suggestedReferences":[],"efiUrl":"","efiAlt":"","highlights":[],"permalinkQueryArgs":[],"series":[]},"_links":{"self":[{"href":"https:\/\/www.enteratever.com\/2023\/wp-json\/wp\/v2\/posts\/173187","targetHints":{"allow":["GET"]}}],"collection":[{"href":"https:\/\/www.enteratever.com\/2023\/wp-json\/wp\/v2\/posts"}],"about":[{"href":"https:\/\/www.enteratever.com\/2023\/wp-json\/wp\/v2\/types\/post"}],"author":[{"embeddable":true,"href":"https:\/\/www.enteratever.com\/2023\/wp-json\/wp\/v2\/users\/4"}],"replies":[{"embeddable":true,"href":"https:\/\/www.enteratever.com\/2023\/wp-json\/wp\/v2\/comments?post=173187"}],"version-history":[{"count":0,"href":"https:\/\/www.enteratever.com\/2023\/wp-json\/wp\/v2\/posts\/173187\/revisions"}],"wp:featuredmedia":[{"embeddable":true,"href":"https:\/\/www.enteratever.com\/2023\/wp-json\/wp\/v2\/media\/173188"}],"wp:attachment":[{"href":"https:\/\/www.enteratever.com\/2023\/wp-json\/wp\/v2\/media?parent=173187"}],"wp:term":[{"taxonomy":"category","embeddable":true,"href":"https:\/\/www.enteratever.com\/2023\/wp-json\/wp\/v2\/categories?post=173187"},{"taxonomy":"post_tag","embeddable":true,"href":"https:\/\/www.enteratever.com\/2023\/wp-json\/wp\/v2\/tags?post=173187"}],"curies":[{"name":"wp","href":"https:\/\/api.w.org\/{rel}","templated":true}]}}