{"id":173171,"date":"2021-02-09T01:37:19","date_gmt":"2021-02-09T01:37:19","guid":{"rendered":"https:\/\/www.enteratever.com\/2023\/cristina-ortiz-busca-la-diputacion-federal-por-morena\/"},"modified":"2021-02-09T01:37:19","modified_gmt":"2021-02-09T01:37:19","slug":"cristina-ortiz-busca-la-diputacion-federal-por-morena","status":"publish","type":"post","link":"https:\/\/www.enteratever.com\/2023\/2021\/02\/09\/cristina-ortiz-busca-la-diputacion-federal-por-morena\/","title":{"rendered":"Cristina Ortiz busca la diputaci\u00f3n federal por Morena"},"content":{"rendered":"<p>Visitas: 8<\/p>\n<p class=\"wp-block-paragraph\">Cristina Ortiz Vargas, se registra como precandidata a la diputaci\u00f3n federal plurinominal por el quinto distrito por el partido Movimiento Regeneraci\u00f3n Nacional (Morena), por lo que se convierte la primera mujer trans de este municipio en buscar un cargo p\u00fablico, la noticia de su registro fue a trav\u00e9s de redes sociales.<\/p>\n\n\n\n<p class=\"wp-block-paragraph\">En entrevista la pre candidata se\u00f1al\u00f3 que decidi\u00f3 lanzarse por Morena, ya que es un partido que apoya muchos a la comunidad y ella con cuerda mucho con los ideales del partido es por eso que decidi\u00f3 lanzarse por la via plurinominal, adem\u00e1s de m\u00e1s de que el partido le permite trabajar por la comunidad, la cual ha sido olvidados por muchos a\u00f1os.<\/p>\n\n\n\n<p class=\"wp-block-paragraph\">Coment\u00f3 que de llegar estar\u00e1 velando tanto por las personas de la comunidad como por las personas que pertenecen a la comunidad ind\u00edgenas, los cuales no cuentan con una representaci\u00f3n, se\u00f1al\u00f3 que no es la \u00fanica que ha decidido participar en este proceso electoral que est\u00e1 considerado el m\u00e1s importante en los \u00faltimos a\u00f1os, pues personas como Jazz Bustamante qui\u00e9n rnnsu distrito tambi\u00e9n est\u00e1 buscando una oportunidad.<\/p>\n\n\n\n<p class=\"wp-block-paragraph\">Record\u00f3 que en d\u00edas pasado acudieron al Organismo P\u00fablico Local Electoral de Veracruz (Ople) para apoyar a cada una de las personas que forman parte de la comunidad y que estar\u00e1n participando en el siguiente proceso electoral, por lo que adem\u00e1s de pedir mesas de di\u00e1logo con los aspirantes para que juntos puedan generar un verdadero cambio en la entidad.<\/p>\n\n\n\n<p class=\"wp-block-paragraph\">Por \u00faltimo dijo que tiene muchas ganas de trabajar por el bien del pueblo, el cual por muchos a\u00f1os ha sido golpeado y saqueado, es por eso que lo que busca generar pol\u00edticas que apoyen a todos y no solo un sector de la poblaci\u00f3n, por lo que espera recibir el apoyo de la poblaci\u00f3n y que conozcan el proyecto que tiene para mejorar al municipio.<\/p>\n\n\n\n<figure class=\"wp-block-gallery columns-1 wp-block-gallery-1 is-layout-flex wp-block-gallery-is-layout-flex\"><ul class=\"blocks-gallery-grid\"><li class=\"blocks-gallery-item\"><figure><img decoding=\"async\" src=\"https:\/\/www.enteratever.com\/2020\/wp-content\/uploads\/2021\/02\/WhatsApp-Image-2021-02-08-at-15.45.07.jpeg\" alt=\"\" data-id=\"36261\" data-full-url=\"https:\/\/www.enteratever.com\/2020\/wp-content\/uploads\/2021\/02\/WhatsApp-Image-2021-02-08-at-15.45.07.jpeg\" data-link=\"https:\/\/www.enteratever.com\/?attachment_id=36261\" class=\"wp-image-36261\"\/><\/figure><\/li><li class=\"blocks-gallery-item\"><figure><img decoding=\"async\" src=\"https:\/\/www.enteratever.com\/2020\/wp-content\/uploads\/2021\/02\/WhatsApp-Image-2021-02-08-at-15.45.26.jpeg\" alt=\"\" data-id=\"36262\" data-full-url=\"https:\/\/www.enteratever.com\/2020\/wp-content\/uploads\/2021\/02\/WhatsApp-Image-2021-02-08-at-15.45.26.jpeg\" data-link=\"https:\/\/www.enteratever.com\/?attachment_id=36262\" class=\"wp-image-36262\"\/><\/figure><\/li><\/ul><\/figure>\n","protected":false},"excerpt":{"rendered":"<p>Visitas: 8 Cristina Ortiz Vargas, se registra como precandidata a la diputaci\u00f3n federal plurinominal por el quinto distrito por el partido Movimiento Regeneraci\u00f3n Nacional (Morena), por lo que se convierte la primera mujer trans de este municipio en buscar un cargo p\u00fablico, la noticia de su registro fue a trav\u00e9s de redes sociales. En entrevista [&hellip;]<\/p>\n","protected":false},"author":4,"featured_media":173172,"comment_status":"open","ping_status":"open","sticky":false,"template":"","format":"standard","meta":{"footnotes":""},"categories":[213],"tags":[],"class_list":["post-173171","post","type-post","status-publish","format-standard","has-post-thumbnail","category-poza-rica"],"nelio_content":{"isAutoShareEnabled":true,"autoShareEndMode":"never","automationSources":{"useCustomSentences":false,"customSentences":[]},"followers":[],"suggestedReferences":[],"efiUrl":"","efiAlt":"","highlights":[],"permalinkQueryArgs":[],"series":[]},"_links":{"self":[{"href":"https:\/\/www.enteratever.com\/2023\/wp-json\/wp\/v2\/posts\/173171","targetHints":{"allow":["GET"]}}],"collection":[{"href":"https:\/\/www.enteratever.com\/2023\/wp-json\/wp\/v2\/posts"}],"about":[{"href":"https:\/\/www.enteratever.com\/2023\/wp-json\/wp\/v2\/types\/post"}],"author":[{"embeddable":true,"href":"https:\/\/www.enteratever.com\/2023\/wp-json\/wp\/v2\/users\/4"}],"replies":[{"embeddable":true,"href":"https:\/\/www.enteratever.com\/2023\/wp-json\/wp\/v2\/comments?post=173171"}],"version-history":[{"count":0,"href":"https:\/\/www.enteratever.com\/2023\/wp-json\/wp\/v2\/posts\/173171\/revisions"}],"wp:featuredmedia":[{"embeddable":true,"href":"https:\/\/www.enteratever.com\/2023\/wp-json\/wp\/v2\/media\/173172"}],"wp:attachment":[{"href":"https:\/\/www.enteratever.com\/2023\/wp-json\/wp\/v2\/media?parent=173171"}],"wp:term":[{"taxonomy":"category","embeddable":true,"href":"https:\/\/www.enteratever.com\/2023\/wp-json\/wp\/v2\/categories?post=173171"},{"taxonomy":"post_tag","embeddable":true,"href":"https:\/\/www.enteratever.com\/2023\/wp-json\/wp\/v2\/tags?post=173171"}],"curies":[{"name":"wp","href":"https:\/\/api.w.org\/{rel}","templated":true}]}}