{"id":173167,"date":"2021-02-08T00:26:34","date_gmt":"2021-02-08T00:26:34","guid":{"rendered":"https:\/\/www.enteratever.com\/2023\/martha-andrade-garcia-busca-la-diputacion-local-por-el-v-distrito\/"},"modified":"2021-02-08T00:26:34","modified_gmt":"2021-02-08T00:26:34","slug":"martha-andrade-garcia-busca-la-diputacion-local-por-el-v-distrito","status":"publish","type":"post","link":"https:\/\/www.enteratever.com\/2023\/2021\/02\/08\/martha-andrade-garcia-busca-la-diputacion-local-por-el-v-distrito\/","title":{"rendered":"Martha Andrade Garc\u00eda busca la diputaci\u00f3n local por el V distrito"},"content":{"rendered":"<p>Visitas: 4<\/p>\n<p class=\"wp-block-paragraph\">Martha Guadalupe Andrade Garc\u00eda, se registra como pre candidata a la diputaci\u00f3n local por el quinto distrito electoral, por el Partido Revolucionario Institucional, durante la ma\u00f1ana de este domingo siete de febrero, en la jornada de preregistros para las precandidaturas a las diputaciones locales en la alianza \u00abVeracruz Va\u00bb.<\/p>\n\n\n\n<p class=\"wp-block-paragraph\">Andrade Garc\u00eda fue delgada regional de la Secretar\u00eda de Educaci\u00f3n de Veracruz (SEV) en esta ciudad, la cual durante su periodo estuvo siempre al pendiente de su comisi\u00f3n, por lo que siempre considero que la educaci\u00f3n de los ni\u00f1os y j\u00f3venes de Veracruz es primordial, ya que considera que la mejor herencia que se les puede dejar a los hijos es la educaci\u00f3n.<\/p>\n\n\n\n<p class=\"wp-block-paragraph\">Su registro como precandidata a la diputaci\u00f3n local por el municipio de Poza Rica, fue una noticia que caus\u00f3 asombro para algunos, pues los representantes del partido en el municipio no daban a conocer qui\u00e9nes eran las personas que estar\u00edan buscando este cargo, por lo que consideran que la pre candidata es una de las mejores opciones.<\/p>\n\n\n\n<p class=\"wp-block-paragraph\">Tras darse a conocer la noticia la trav\u00e9s de las redes sociales del partido en este municipio los buenos deseos se amigos y conocidos se dejaron ver, pues aseguran que ella es una de las mejores opciones que el partido tiene, ya que es una mujer preparada y que conoce las necesidades de las personas.<\/p>\n\n\n\n<p class=\"wp-block-paragraph\">Cabe destacar que el PRI est\u00e1 en alianza con el Partido Acci\u00f3n Nacional (PAN) y con el Partido de la Revoluci\u00f3n Democr\u00e1tica (PRD), los cuales buscan contar con el mayor n\u00famero de votos en el pr\u00f3ximo proceso electoral del seis de junio, por lo que est\u00e1 considerado como uno de las contiendas electorales m\u00e1s portantes para el estado.<\/p>\n\n\n\n<figure class=\"wp-block-gallery columns-1 wp-block-gallery-1 is-layout-flex wp-block-gallery-is-layout-flex\"><ul class=\"blocks-gallery-grid\"><li class=\"blocks-gallery-item\"><figure><img decoding=\"async\" src=\"https:\/\/www.enteratever.com\/2020\/wp-content\/uploads\/2021\/02\/WhatsApp-Image-2021-02-07-at-17.25.04.jpeg\" alt=\"\" data-id=\"36113\" data-full-url=\"https:\/\/www.enteratever.com\/2020\/wp-content\/uploads\/2021\/02\/WhatsApp-Image-2021-02-07-at-17.25.04.jpeg\" data-link=\"https:\/\/www.enteratever.com\/?attachment_id=36113\" class=\"wp-image-36113\"\/><\/figure><\/li><li class=\"blocks-gallery-item\"><figure><img decoding=\"async\" src=\"https:\/\/www.enteratever.com\/2020\/wp-content\/uploads\/2021\/02\/WhatsApp-Image-2021-02-07-at-17.25.05.jpeg\" alt=\"\" data-id=\"36114\" data-full-url=\"https:\/\/www.enteratever.com\/2020\/wp-content\/uploads\/2021\/02\/WhatsApp-Image-2021-02-07-at-17.25.05.jpeg\" data-link=\"https:\/\/www.enteratever.com\/?attachment_id=36114\" class=\"wp-image-36114\"\/><\/figure><\/li><li class=\"blocks-gallery-item\"><figure><img decoding=\"async\" src=\"https:\/\/www.enteratever.com\/2020\/wp-content\/uploads\/2021\/02\/WhatsApp-Image-2021-02-07-at-17.25.06.jpeg\" alt=\"\" data-id=\"36115\" data-full-url=\"https:\/\/www.enteratever.com\/2020\/wp-content\/uploads\/2021\/02\/WhatsApp-Image-2021-02-07-at-17.25.06.jpeg\" data-link=\"https:\/\/www.enteratever.com\/?attachment_id=36115\" class=\"wp-image-36115\"\/><\/figure><\/li><li class=\"blocks-gallery-item\"><figure><img decoding=\"async\" src=\"https:\/\/www.enteratever.com\/2020\/wp-content\/uploads\/2021\/02\/WhatsApp-Image-2021-02-07-at-17.25.07.jpeg\" alt=\"\" data-id=\"36116\" data-full-url=\"https:\/\/www.enteratever.com\/2020\/wp-content\/uploads\/2021\/02\/WhatsApp-Image-2021-02-07-at-17.25.07.jpeg\" data-link=\"https:\/\/www.enteratever.com\/?attachment_id=36116\" class=\"wp-image-36116\"\/><\/figure><\/li><\/ul><\/figure>\n","protected":false},"excerpt":{"rendered":"<p>Visitas: 4 Martha Guadalupe Andrade Garc\u00eda, se registra como pre candidata a la diputaci\u00f3n local por el quinto distrito electoral, por el Partido Revolucionario Institucional, durante la ma\u00f1ana de este domingo siete de febrero, en la jornada de preregistros para las precandidaturas a las diputaciones locales en la alianza \u00abVeracruz Va\u00bb. Andrade Garc\u00eda fue delgada [&hellip;]<\/p>\n","protected":false},"author":4,"featured_media":173168,"comment_status":"open","ping_status":"open","sticky":false,"template":"","format":"standard","meta":{"footnotes":""},"categories":[213],"tags":[],"class_list":["post-173167","post","type-post","status-publish","format-standard","has-post-thumbnail","category-poza-rica"],"nelio_content":{"isAutoShareEnabled":true,"autoShareEndMode":"never","automationSources":{"useCustomSentences":false,"customSentences":[]},"followers":[],"suggestedReferences":[],"efiUrl":"","efiAlt":"","highlights":[],"permalinkQueryArgs":[],"series":[]},"_links":{"self":[{"href":"https:\/\/www.enteratever.com\/2023\/wp-json\/wp\/v2\/posts\/173167","targetHints":{"allow":["GET"]}}],"collection":[{"href":"https:\/\/www.enteratever.com\/2023\/wp-json\/wp\/v2\/posts"}],"about":[{"href":"https:\/\/www.enteratever.com\/2023\/wp-json\/wp\/v2\/types\/post"}],"author":[{"embeddable":true,"href":"https:\/\/www.enteratever.com\/2023\/wp-json\/wp\/v2\/users\/4"}],"replies":[{"embeddable":true,"href":"https:\/\/www.enteratever.com\/2023\/wp-json\/wp\/v2\/comments?post=173167"}],"version-history":[{"count":0,"href":"https:\/\/www.enteratever.com\/2023\/wp-json\/wp\/v2\/posts\/173167\/revisions"}],"wp:featuredmedia":[{"embeddable":true,"href":"https:\/\/www.enteratever.com\/2023\/wp-json\/wp\/v2\/media\/173168"}],"wp:attachment":[{"href":"https:\/\/www.enteratever.com\/2023\/wp-json\/wp\/v2\/media?parent=173167"}],"wp:term":[{"taxonomy":"category","embeddable":true,"href":"https:\/\/www.enteratever.com\/2023\/wp-json\/wp\/v2\/categories?post=173167"},{"taxonomy":"post_tag","embeddable":true,"href":"https:\/\/www.enteratever.com\/2023\/wp-json\/wp\/v2\/tags?post=173167"}],"curies":[{"name":"wp","href":"https:\/\/api.w.org\/{rel}","templated":true}]}}