{"id":173163,"date":"2021-02-08T00:17:34","date_gmt":"2021-02-08T00:17:34","guid":{"rendered":"https:\/\/www.enteratever.com\/2023\/por-crisis-locatarios-del-mercado-poza-rica-venden-sus-negocios\/"},"modified":"2021-02-08T00:17:34","modified_gmt":"2021-02-08T00:17:34","slug":"por-crisis-locatarios-del-mercado-poza-rica-venden-sus-negocios","status":"publish","type":"post","link":"https:\/\/www.enteratever.com\/2023\/2021\/02\/08\/por-crisis-locatarios-del-mercado-poza-rica-venden-sus-negocios\/","title":{"rendered":"Por crisis locatarios del mercado Poza Rica venden sus negocios"},"content":{"rendered":"<p>Visitas: 5<\/p>\n<p class=\"wp-block-paragraph\">Poza Rica, Veracruz.- Ante la crisis econ\u00f3mica que se est\u00e1 presentando en el municipio a trav\u00e9s de redes sociales se ha podido ver qu\u00e9 comerciantes del mercado Poza Rica comienzan a ofrecer sus establecimiento, de acuerdo con Marcela Vicencio Galindo, integrante de la Uni\u00f3n de Comerciantes dijo que es debido a la falta de trabajo que se registra en la ciudad.<\/p>\n\n\n\n<p class=\"wp-block-paragraph\">En entrevista se\u00f1al\u00f3 que un 10 por ciento de los locales se encuentran cerrados y la mayor\u00eda es en la parte remodelada, esto debido a la falta de trabajo, adem\u00e1s de que muchos locatarios han preferido bajar sus cortinas para evitar poner en riesgo su salud, algunos han preferido retar sus locales como bodegas o ellos mismo le dan esa utilidad.<\/p>\n\n\n\n<p class=\"wp-block-paragraph\">Destac\u00f3 que hasta el momento no ha tenido el acercamiento con los due\u00f1os de los locales y tampoco han acudido a ella para informarles cu\u00e1l es la raz\u00f3n principal por la que los comerciantes prefieren no trabajar, pero considera que la crisis que atraviesa la poblaci\u00f3n es el factor principal por el que llegan a esta decisi\u00f3n, pues con las medidas que las autoridades municipales han implementado ha generado que muchos est\u00e9n a punto de cerrar.<\/p>\n\n\n\n<p class=\"wp-block-paragraph\">Vicencio Galindo coment\u00f3 que el mercado Poza Rica es el mercado m\u00e1s grande con el que cuenta la ciudad, el cual antes de la pandemia recib\u00eda una gran cantidad de personas, pero lamentablemente con esta enfermedad las personas ya no salen de sus casas, lo que ha generado bajas ventas para todos, es por este motivo que muchos han tenido que cerrar y poner en venta sus locales.<\/p>\n\n\n\n<p class=\"wp-block-paragraph\">Actualmente el \u00e1rea no remodelada es en donde se puede ver una mayor movilidad, ya que es est\u00e1 zona de encuentran productos primordiales pero las ventas se mantiene en un 15 por ciento, porcentaje que desde el mes de diciembre del 2020 no ha tenido repunte y con los decretos de las autoridades estatales no creen que mejore la situaci\u00f3n, actualmente la parte remodelada es la que est\u00e1 padeciendo un poco m\u00e1s.<\/p>\n\n\n\n<p class=\"wp-block-paragraph\">Por \u00faltimo hace un llamado a la poblaci\u00f3n para que acudan a realizar sus comprar al mercado Poza Rica, ya que este centro de abastos les ofrecen productos de calidad, adem\u00e1s de que ese esta forma estar\u00e1n apoyando a los comerciantes, se les pide que solo ingres\u00e9 una persona por familia y siempre portar su cubrebocas, mantener la sana distancia y el uso de gel antibacterial, pues en estos momentos es tarda de todos el cuidarnos.<\/p>\n\n\n\n<figure class=\"wp-block-gallery columns-1 is-cropped wp-block-gallery-1 is-layout-flex wp-block-gallery-is-layout-flex\"><ul class=\"blocks-gallery-grid\"><li class=\"blocks-gallery-item\"><figure><img decoding=\"async\" src=\"https:\/\/www.enteratever.com\/2020\/wp-content\/uploads\/2021\/02\/WhatsApp-Image-2021-02-07-at-16.06.24.jpeg\" alt=\"\" data-id=\"36104\" data-full-url=\"https:\/\/www.enteratever.com\/2020\/wp-content\/uploads\/2021\/02\/WhatsApp-Image-2021-02-07-at-16.06.24.jpeg\" data-link=\"https:\/\/www.enteratever.com\/?attachment_id=36104\" class=\"wp-image-36104\"\/><\/figure><\/li><li class=\"blocks-gallery-item\"><figure><img decoding=\"async\" src=\"https:\/\/www.enteratever.com\/2020\/wp-content\/uploads\/2021\/02\/WhatsApp-Image-2021-02-07-at-16.06.23.jpeg\" alt=\"\" data-id=\"36103\" data-full-url=\"https:\/\/www.enteratever.com\/2020\/wp-content\/uploads\/2021\/02\/WhatsApp-Image-2021-02-07-at-16.06.23.jpeg\" data-link=\"https:\/\/www.enteratever.com\/?attachment_id=36103\" class=\"wp-image-36103\"\/><\/figure><\/li><li class=\"blocks-gallery-item\"><figure><img decoding=\"async\" src=\"https:\/\/www.enteratever.com\/2020\/wp-content\/uploads\/2021\/02\/WhatsApp-Image-2021-02-07-at-16.06.22.jpeg\" alt=\"\" data-id=\"36102\" data-full-url=\"https:\/\/www.enteratever.com\/2020\/wp-content\/uploads\/2021\/02\/WhatsApp-Image-2021-02-07-at-16.06.22.jpeg\" data-link=\"https:\/\/www.enteratever.com\/?attachment_id=36102\" class=\"wp-image-36102\"\/><\/figure><\/li><li class=\"blocks-gallery-item\"><figure><img decoding=\"async\" src=\"https:\/\/www.enteratever.com\/2020\/wp-content\/uploads\/2021\/02\/WhatsApp-Image-2021-02-07-at-16.06.20.jpeg\" alt=\"\" data-id=\"36101\" data-full-url=\"https:\/\/www.enteratever.com\/2020\/wp-content\/uploads\/2021\/02\/WhatsApp-Image-2021-02-07-at-16.06.20.jpeg\" data-link=\"https:\/\/www.enteratever.com\/?attachment_id=36101\" class=\"wp-image-36101\"\/><\/figure><\/li><\/ul><\/figure>\n","protected":false},"excerpt":{"rendered":"<p>Visitas: 5 Poza Rica, Veracruz.- Ante la crisis econ\u00f3mica que se est\u00e1 presentando en el municipio a trav\u00e9s de redes sociales se ha podido ver qu\u00e9 comerciantes del mercado Poza Rica comienzan a ofrecer sus establecimiento, de acuerdo con Marcela Vicencio Galindo, integrante de la Uni\u00f3n de Comerciantes dijo que es debido a la falta [&hellip;]<\/p>\n","protected":false},"author":4,"featured_media":173164,"comment_status":"open","ping_status":"open","sticky":false,"template":"","format":"standard","meta":{"footnotes":""},"categories":[213],"tags":[],"class_list":["post-173163","post","type-post","status-publish","format-standard","has-post-thumbnail","category-poza-rica"],"nelio_content":{"isAutoShareEnabled":true,"autoShareEndMode":"never","automationSources":{"useCustomSentences":false,"customSentences":[]},"followers":[],"suggestedReferences":[],"efiUrl":"","efiAlt":"","highlights":[],"permalinkQueryArgs":[],"series":[]},"_links":{"self":[{"href":"https:\/\/www.enteratever.com\/2023\/wp-json\/wp\/v2\/posts\/173163","targetHints":{"allow":["GET"]}}],"collection":[{"href":"https:\/\/www.enteratever.com\/2023\/wp-json\/wp\/v2\/posts"}],"about":[{"href":"https:\/\/www.enteratever.com\/2023\/wp-json\/wp\/v2\/types\/post"}],"author":[{"embeddable":true,"href":"https:\/\/www.enteratever.com\/2023\/wp-json\/wp\/v2\/users\/4"}],"replies":[{"embeddable":true,"href":"https:\/\/www.enteratever.com\/2023\/wp-json\/wp\/v2\/comments?post=173163"}],"version-history":[{"count":0,"href":"https:\/\/www.enteratever.com\/2023\/wp-json\/wp\/v2\/posts\/173163\/revisions"}],"wp:featuredmedia":[{"embeddable":true,"href":"https:\/\/www.enteratever.com\/2023\/wp-json\/wp\/v2\/media\/173164"}],"wp:attachment":[{"href":"https:\/\/www.enteratever.com\/2023\/wp-json\/wp\/v2\/media?parent=173163"}],"wp:term":[{"taxonomy":"category","embeddable":true,"href":"https:\/\/www.enteratever.com\/2023\/wp-json\/wp\/v2\/categories?post=173163"},{"taxonomy":"post_tag","embeddable":true,"href":"https:\/\/www.enteratever.com\/2023\/wp-json\/wp\/v2\/tags?post=173163"}],"curies":[{"name":"wp","href":"https:\/\/api.w.org\/{rel}","templated":true}]}}