{"id":173161,"date":"2021-02-08T00:11:18","date_gmt":"2021-02-08T00:11:18","guid":{"rendered":"https:\/\/www.enteratever.com\/2023\/guizar-valladares-inaugura-casas-de-enlace-en-municipios-de-la-zona-norte\/"},"modified":"2021-02-08T00:11:18","modified_gmt":"2021-02-08T00:11:18","slug":"guizar-valladares-inaugura-casas-de-enlace-en-municipios-de-la-zona-norte","status":"publish","type":"post","link":"https:\/\/www.enteratever.com\/2023\/2021\/02\/08\/guizar-valladares-inaugura-casas-de-enlace-en-municipios-de-la-zona-norte\/","title":{"rendered":"Gu\u00edzar Valladares inaugura casas de enlace en municipios de la zona norte"},"content":{"rendered":"<p>Visitas: 4<\/p>\n<p class=\"wp-block-paragraph\">Al igual dio a conocer que el b\u00fanker pol\u00edtico ser\u00e1 para cuestiones internas del partido, mientras que pr\u00f3ximamente inaugurar\u00e1n la casa de enlace y de campa\u00f1a para la contienda electoral, adelanto que ser\u00e1n frente al bulevar Ruiz Cortines, pues es un lugar c\u00e9ntrico y de f\u00e1cil acceso, adem\u00e1s de que pensaron en este lugar para brindar mayor inmediatez las propuestas para los ciudadanos.<\/p>\n\n\n\n<p class=\"wp-block-paragraph\">Posterior a esta reuni\u00f3n en donde estuvieron militantes del partido y algunos otros representantes del Pes, se dirigieron al municipio hermano de Coatzintla en donde se llev\u00f3 a cabo la inauguraci\u00f3n de la casa de enlace en donde estuvo presente Israel Dimas, precandidato a la alcald\u00eda de Coatzintla, qui\u00e9n dio un mensaje a la militancia y a la poblaci\u00f3n en general.<\/p>\n\n\n\n<p class=\"wp-block-paragraph\">En su discurso se\u00f1al\u00f3 que el partido no necesita ir en alianza para poder ganar las elecciones, pues cuentan con personas preparadas que buscan generar un verdadero cambio por los municipios de la entidad veracruzana, adem\u00e1s de que tiene una carta fuerte que son los j\u00f3venes, los cuales cuentan con ideas frescas que vienen a poner un granito de arena, lo que convierte al Pes en la mejor opci\u00f3n.<\/p>\n\n\n\n<p class=\"wp-block-paragraph\">En estos dos eventos estuvieron presentes Ren\u00e9 Noel Francisco V\u00e1zquez, precandidato a la Diputaci\u00f3n Federal, Israel Dimas, Precandidato a la Presidencia de Coatzintla,Jos\u00e9 Ju\u00e1rez Ambrosio representante del municipio de Coyutla, Miguel Mart\u00edn, del municipio de Tuxpan, \u00c1res Meza de Papantla, entre otros, cabe destacar que en los eventos se estuvieron respetando los protocolos sanitarios.<\/p>\n\n\n\n<figure class=\"wp-block-gallery columns-1 wp-block-gallery-1 is-layout-flex wp-block-gallery-is-layout-flex\"><ul class=\"blocks-gallery-grid\"><li class=\"blocks-gallery-item\"><figure><img decoding=\"async\" src=\"https:\/\/www.enteratever.com\/2020\/wp-content\/uploads\/2021\/02\/WhatsApp-Image-2021-02-07-at-16.04.24.jpeg\" alt=\"\" data-id=\"36093\" data-full-url=\"https:\/\/www.enteratever.com\/2020\/wp-content\/uploads\/2021\/02\/WhatsApp-Image-2021-02-07-at-16.04.24.jpeg\" data-link=\"https:\/\/www.enteratever.com\/?attachment_id=36093\" class=\"wp-image-36093\"\/><\/figure><\/li><li class=\"blocks-gallery-item\"><figure><img decoding=\"async\" src=\"https:\/\/www.enteratever.com\/2020\/wp-content\/uploads\/2021\/02\/WhatsApp-Image-2021-02-07-at-16.04.25.jpeg\" alt=\"\" data-id=\"36094\" data-full-url=\"https:\/\/www.enteratever.com\/2020\/wp-content\/uploads\/2021\/02\/WhatsApp-Image-2021-02-07-at-16.04.25.jpeg\" data-link=\"https:\/\/www.enteratever.com\/?attachment_id=36094\" class=\"wp-image-36094\"\/><\/figure><\/li><li class=\"blocks-gallery-item\"><figure><img decoding=\"async\" src=\"https:\/\/www.enteratever.com\/2020\/wp-content\/uploads\/2021\/02\/WhatsApp-Image-2021-02-07-at-16.04.26.jpeg\" alt=\"\" data-id=\"36095\" data-full-url=\"https:\/\/www.enteratever.com\/2020\/wp-content\/uploads\/2021\/02\/WhatsApp-Image-2021-02-07-at-16.04.26.jpeg\" data-link=\"https:\/\/www.enteratever.com\/?attachment_id=36095\" class=\"wp-image-36095\"\/><\/figure><\/li><li class=\"blocks-gallery-item\"><figure><img decoding=\"async\" src=\"https:\/\/www.enteratever.com\/2020\/wp-content\/uploads\/2021\/02\/WhatsApp-Image-2021-02-07-at-16.04.27.jpeg\" alt=\"\" data-id=\"36096\" data-full-url=\"https:\/\/www.enteratever.com\/2020\/wp-content\/uploads\/2021\/02\/WhatsApp-Image-2021-02-07-at-16.04.27.jpeg\" data-link=\"https:\/\/www.enteratever.com\/?attachment_id=36096\" class=\"wp-image-36096\"\/><\/figure><\/li><li class=\"blocks-gallery-item\"><figure><img decoding=\"async\" src=\"https:\/\/www.enteratever.com\/2020\/wp-content\/uploads\/2021\/02\/WhatsApp-Image-2021-02-07-at-16.04.28.jpeg\" alt=\"\" data-id=\"36097\" data-full-url=\"https:\/\/www.enteratever.com\/2020\/wp-content\/uploads\/2021\/02\/WhatsApp-Image-2021-02-07-at-16.04.28.jpeg\" data-link=\"https:\/\/www.enteratever.com\/?attachment_id=36097\" class=\"wp-image-36097\"\/><\/figure><\/li><li class=\"blocks-gallery-item\"><figure><img decoding=\"async\" src=\"https:\/\/www.enteratever.com\/2020\/wp-content\/uploads\/2021\/02\/WhatsApp-Image-2021-02-07-at-16.04.29.jpeg\" alt=\"\" data-id=\"36098\" data-full-url=\"https:\/\/www.enteratever.com\/2020\/wp-content\/uploads\/2021\/02\/WhatsApp-Image-2021-02-07-at-16.04.29.jpeg\" data-link=\"https:\/\/www.enteratever.com\/?attachment_id=36098\" class=\"wp-image-36098\"\/><\/figure><\/li><\/ul><\/figure>\n","protected":false},"excerpt":{"rendered":"<p>Visitas: 4 Al igual dio a conocer que el b\u00fanker pol\u00edtico ser\u00e1 para cuestiones internas del partido, mientras que pr\u00f3ximamente inaugurar\u00e1n la casa de enlace y de campa\u00f1a para la contienda electoral, adelanto que ser\u00e1n frente al bulevar Ruiz Cortines, pues es un lugar c\u00e9ntrico y de f\u00e1cil acceso, adem\u00e1s de que pensaron en este [&hellip;]<\/p>\n","protected":false},"author":4,"featured_media":173162,"comment_status":"open","ping_status":"open","sticky":false,"template":"","format":"standard","meta":{"footnotes":""},"categories":[213],"tags":[],"class_list":["post-173161","post","type-post","status-publish","format-standard","has-post-thumbnail","category-poza-rica"],"nelio_content":{"isAutoShareEnabled":true,"autoShareEndMode":"never","automationSources":{"useCustomSentences":false,"customSentences":[]},"followers":[],"suggestedReferences":[],"efiUrl":"","efiAlt":"","highlights":[],"permalinkQueryArgs":[],"series":[]},"_links":{"self":[{"href":"https:\/\/www.enteratever.com\/2023\/wp-json\/wp\/v2\/posts\/173161","targetHints":{"allow":["GET"]}}],"collection":[{"href":"https:\/\/www.enteratever.com\/2023\/wp-json\/wp\/v2\/posts"}],"about":[{"href":"https:\/\/www.enteratever.com\/2023\/wp-json\/wp\/v2\/types\/post"}],"author":[{"embeddable":true,"href":"https:\/\/www.enteratever.com\/2023\/wp-json\/wp\/v2\/users\/4"}],"replies":[{"embeddable":true,"href":"https:\/\/www.enteratever.com\/2023\/wp-json\/wp\/v2\/comments?post=173161"}],"version-history":[{"count":0,"href":"https:\/\/www.enteratever.com\/2023\/wp-json\/wp\/v2\/posts\/173161\/revisions"}],"wp:featuredmedia":[{"embeddable":true,"href":"https:\/\/www.enteratever.com\/2023\/wp-json\/wp\/v2\/media\/173162"}],"wp:attachment":[{"href":"https:\/\/www.enteratever.com\/2023\/wp-json\/wp\/v2\/media?parent=173161"}],"wp:term":[{"taxonomy":"category","embeddable":true,"href":"https:\/\/www.enteratever.com\/2023\/wp-json\/wp\/v2\/categories?post=173161"},{"taxonomy":"post_tag","embeddable":true,"href":"https:\/\/www.enteratever.com\/2023\/wp-json\/wp\/v2\/tags?post=173161"}],"curies":[{"name":"wp","href":"https:\/\/api.w.org\/{rel}","templated":true}]}}