{"id":173157,"date":"2021-02-05T23:16:57","date_gmt":"2021-02-05T23:16:57","guid":{"rendered":"https:\/\/www.enteratever.com\/2023\/entregan-aulas-y-banos-a-escuelas-de-poza-rica\/"},"modified":"2021-02-05T23:16:57","modified_gmt":"2021-02-05T23:16:57","slug":"entregan-aulas-y-banos-a-escuelas-de-poza-rica","status":"publish","type":"post","link":"https:\/\/www.enteratever.com\/2023\/2021\/02\/05\/entregan-aulas-y-banos-a-escuelas-de-poza-rica\/","title":{"rendered":"Entregan aulas y ba\u00f1os a escuelas de Poza Rica"},"content":{"rendered":"<p>Visitas: 9<\/p>\n<p class=\"wp-block-paragraph\">Se entregan cuatro obras terminadas de las 20 que tiene contempladas para este municipio, as\u00ed lo dio a conocer Ricardo Garc\u00eda Jim\u00e9nez, Director de Espacios Educativos del Estado de Veracruz, qui\u00e9n se\u00f1al\u00f3 que por instrucciones del Gobernador Cuitl\u00e1huac Garc\u00eda Jim\u00e9nez, de mejorar los espacios educativos del municipio.<\/p>\n\n\n\n<p class=\"wp-block-paragraph\">En entrevista el director de espacios educativos se\u00f1al\u00f3 que por parte del ayuntamiento se est\u00e1 invirtiendo un aproximado de 60 millones de pesos y por parte de la dependencia est\u00e1 dando un promedio de 50 millones de pesos los cuales son utilizados para la elaboraci\u00f3n de los proyectos.<\/p>\n\n\n\n<p class=\"wp-block-paragraph\">Dijo que entre los proyectos m\u00e1s grandes es la edificaci\u00f3n de un edifico en el Instituto Tecnol\u00f3gico Superior de Poza Rica (ITSPR), la cual cuenta con una inversi\u00f3n de aproximadamente 25 millones de pesos, por lo que son obras en beneficio de miles de j\u00f3venes, pues consideran de suma importancia contar con los espacios para que los ni\u00f1os y j\u00f3venes puedan continuar con sus estudios.<\/p>\n\n\n\n\n\n<figure class=\"wp-block-gallery columns-1 is-cropped wp-block-gallery-1 is-layout-flex wp-block-gallery-is-layout-flex\"><ul class=\"blocks-gallery-grid\"><li class=\"blocks-gallery-item\"><figure><img decoding=\"async\" src=\"https:\/\/www.enteratever.com\/2020\/wp-content\/uploads\/2021\/02\/WhatsApp-Image-2021-02-05-at-15.37.06.jpeg\" alt=\"\" data-id=\"36067\" data-full-url=\"https:\/\/www.enteratever.com\/2020\/wp-content\/uploads\/2021\/02\/WhatsApp-Image-2021-02-05-at-15.37.06.jpeg\" data-link=\"https:\/\/www.enteratever.com\/?attachment_id=36067\" class=\"wp-image-36067\"\/><\/figure><\/li><li class=\"blocks-gallery-item\"><figure><img decoding=\"async\" src=\"https:\/\/www.enteratever.com\/2020\/wp-content\/uploads\/2021\/02\/WhatsApp-Image-2021-02-05-at-15.36.53.jpeg\" alt=\"\" data-id=\"36066\" data-full-url=\"https:\/\/www.enteratever.com\/2020\/wp-content\/uploads\/2021\/02\/WhatsApp-Image-2021-02-05-at-15.36.53.jpeg\" data-link=\"https:\/\/www.enteratever.com\/?attachment_id=36066\" class=\"wp-image-36066\"\/><\/figure><\/li><li class=\"blocks-gallery-item\"><figure><img decoding=\"async\" src=\"https:\/\/www.enteratever.com\/2020\/wp-content\/uploads\/2021\/02\/WhatsApp-Image-2021-02-05-at-15.36.39.jpeg\" alt=\"\" data-id=\"36065\" data-full-url=\"https:\/\/www.enteratever.com\/2020\/wp-content\/uploads\/2021\/02\/WhatsApp-Image-2021-02-05-at-15.36.39.jpeg\" data-link=\"https:\/\/www.enteratever.com\/?attachment_id=36065\" class=\"wp-image-36065\"\/><\/figure><\/li><\/ul><\/figure>\n\n\n\n<p class=\"wp-block-paragraph\">Ricardo Garc\u00eda mencion\u00f3 que en los recorridos que han realizado por lagunas escuelas se han dado cuenta que los problemas que los planteles educativos presentan son la falta de aulas y de ba\u00f1os, por lo que se han enfocado en la realizaci\u00f3n de estos que consideran de suma importancia.<\/p>\n\n\n\n<p class=\"wp-block-paragraph\">Cabe destacar que esto fue dicho durante los recorridos que estuvieron haciendo por varias instituciones educativas las cuales se vieron beneficiadas, por lo que se\u00f1al\u00f3 que han tenido la oportunidad de trabajar en conjunto con el ayuntamiento de Poza Rica a favor de la educaci\u00f3n, por lo que esperan poder seguir trabajando.<\/p>\n","protected":false},"excerpt":{"rendered":"<p>Visitas: 9 Se entregan cuatro obras terminadas de las 20 que tiene contempladas para este municipio, as\u00ed lo dio a conocer Ricardo Garc\u00eda Jim\u00e9nez, Director de Espacios Educativos del Estado de Veracruz, qui\u00e9n se\u00f1al\u00f3 que por instrucciones del Gobernador Cuitl\u00e1huac Garc\u00eda Jim\u00e9nez, de mejorar los espacios educativos del municipio. En entrevista el director de espacios [&hellip;]<\/p>\n","protected":false},"author":4,"featured_media":173158,"comment_status":"open","ping_status":"open","sticky":false,"template":"","format":"standard","meta":{"footnotes":""},"categories":[213],"tags":[],"class_list":["post-173157","post","type-post","status-publish","format-standard","has-post-thumbnail","category-poza-rica"],"nelio_content":{"isAutoShareEnabled":true,"autoShareEndMode":"never","automationSources":{"useCustomSentences":false,"customSentences":[]},"followers":[],"suggestedReferences":[],"efiUrl":"","efiAlt":"","highlights":[],"permalinkQueryArgs":[],"series":[]},"_links":{"self":[{"href":"https:\/\/www.enteratever.com\/2023\/wp-json\/wp\/v2\/posts\/173157","targetHints":{"allow":["GET"]}}],"collection":[{"href":"https:\/\/www.enteratever.com\/2023\/wp-json\/wp\/v2\/posts"}],"about":[{"href":"https:\/\/www.enteratever.com\/2023\/wp-json\/wp\/v2\/types\/post"}],"author":[{"embeddable":true,"href":"https:\/\/www.enteratever.com\/2023\/wp-json\/wp\/v2\/users\/4"}],"replies":[{"embeddable":true,"href":"https:\/\/www.enteratever.com\/2023\/wp-json\/wp\/v2\/comments?post=173157"}],"version-history":[{"count":0,"href":"https:\/\/www.enteratever.com\/2023\/wp-json\/wp\/v2\/posts\/173157\/revisions"}],"wp:featuredmedia":[{"embeddable":true,"href":"https:\/\/www.enteratever.com\/2023\/wp-json\/wp\/v2\/media\/173158"}],"wp:attachment":[{"href":"https:\/\/www.enteratever.com\/2023\/wp-json\/wp\/v2\/media?parent=173157"}],"wp:term":[{"taxonomy":"category","embeddable":true,"href":"https:\/\/www.enteratever.com\/2023\/wp-json\/wp\/v2\/categories?post=173157"},{"taxonomy":"post_tag","embeddable":true,"href":"https:\/\/www.enteratever.com\/2023\/wp-json\/wp\/v2\/tags?post=173157"}],"curies":[{"name":"wp","href":"https:\/\/api.w.org\/{rel}","templated":true}]}}