{"id":173139,"date":"2021-02-03T20:05:39","date_gmt":"2021-02-03T20:05:39","guid":{"rendered":"https:\/\/www.enteratever.com\/2023\/suspenden-actividades-en-la-junta-de-conciliacion-y-arbitraje\/"},"modified":"2021-02-03T20:05:39","modified_gmt":"2021-02-03T20:05:39","slug":"suspenden-actividades-en-la-junta-de-conciliacion-y-arbitraje","status":"publish","type":"post","link":"https:\/\/www.enteratever.com\/2023\/2021\/02\/03\/suspenden-actividades-en-la-junta-de-conciliacion-y-arbitraje\/","title":{"rendered":"Suspenden actividades en la Junta de Conciliaci\u00f3n y Arbitraje"},"content":{"rendered":"<p>Visitas: 10<\/p>\n<p class=\"wp-block-paragraph\">Poza Rica, Veracruz.- A trav\u00e9s de un comunicado la Junta de Conciliaci\u00f3n y Arbitraje n\u00famero 44 dio a conocer que debido a la situaci\u00f3n que se vive en el municipio se tom\u00f3 la decisi\u00f3n de suspender audiencias y diligencias que ya se encuentran agendadas ante autoridad laboral dentro del periodo comprometido.<\/p>\n\n\n\n<p class=\"wp-block-paragraph\">Esta determinaci\u00f3n estar\u00e1 hasta que las autoridades sanitarias consideren correcto el poder regresar a trabajar, pues eso se hace para evitar aglomeraciones fuera a las instalaciones y as\u00ed proteger a los trabajadores y a las personas que acuden para que se resuelvan sus conflictos.<\/p>\n\n\n\n<p class=\"wp-block-paragraph\">Por medio del comunicado Daniel G\u00f3mez Hern\u00e1ndez, presidente de la junta hizo un llamado al personal jur\u00eddico y administrativo del tribunal as\u00ed como litigantes y p\u00fablico en general sobre la suspensi\u00f3n de actividades, en un per\u00edodo del 03 de febrero hasta el pr\u00f3ximo 14 de febrero, a fin de evitar contagios y aglomeraciones dentro de dichas oficinas, as\u00ed lo dio a conocer el presidente de la Junta Esp. No. 44 Daniel G\u00f3mez Hern\u00e1ndez.<\/p>\n\n\n\n<figure class=\"wp-block-image size-full\"><img decoding=\"async\" src=\"https:\/\/www.enteratever.com\/2020\/wp-content\/uploads\/2021\/02\/WhatsApp-Image-2021-02-03-at-13.55.44.jpeg\" alt=\"\" class=\"wp-image-35811\"\/><\/figure>\n\n\n\n<p class=\"wp-block-paragraph\">La suspensi\u00f3n que se llevar\u00e1 a cabo en todas las juntas especiales de esta federaci\u00f3n de conciliaci\u00f3n y arbitraje, esto ante el rebrote de coronavirus en cumplimiento al pronunciamiento de la organizaci\u00f3n mundial de la salud as\u00ed como a las recomendaciones de sana distancia emitidas por los diferentes niveles\u00a0 de gobierno.<\/p>\n\n\n\n<p class=\"wp-block-paragraph\">Esperar\u00e1n hasta que el sem\u00e1foro epidemiol\u00f3gico sea favorable para el municipio, por lo que piden a la poblaci\u00f3n de su compresi\u00f3n y aseguraron que los casos se retomar\u00e1n una vez que las condiciones les permitan, por lo que por el momento quedan suspendidas las actividades.<\/p>\n","protected":false},"excerpt":{"rendered":"<p>Visitas: 10 Poza Rica, Veracruz.- A trav\u00e9s de un comunicado la Junta de Conciliaci\u00f3n y Arbitraje n\u00famero 44 dio a conocer que debido a la situaci\u00f3n que se vive en el municipio se tom\u00f3 la decisi\u00f3n de suspender audiencias y diligencias que ya se encuentran agendadas ante autoridad laboral dentro del periodo comprometido. Esta determinaci\u00f3n [&hellip;]<\/p>\n","protected":false},"author":4,"featured_media":173140,"comment_status":"open","ping_status":"open","sticky":false,"template":"","format":"standard","meta":{"footnotes":""},"categories":[213],"tags":[],"class_list":["post-173139","post","type-post","status-publish","format-standard","has-post-thumbnail","category-poza-rica"],"nelio_content":{"isAutoShareEnabled":true,"autoShareEndMode":"never","automationSources":{"useCustomSentences":false,"customSentences":[]},"followers":[],"suggestedReferences":[],"efiUrl":"","efiAlt":"","highlights":[],"permalinkQueryArgs":[],"series":[]},"_links":{"self":[{"href":"https:\/\/www.enteratever.com\/2023\/wp-json\/wp\/v2\/posts\/173139","targetHints":{"allow":["GET"]}}],"collection":[{"href":"https:\/\/www.enteratever.com\/2023\/wp-json\/wp\/v2\/posts"}],"about":[{"href":"https:\/\/www.enteratever.com\/2023\/wp-json\/wp\/v2\/types\/post"}],"author":[{"embeddable":true,"href":"https:\/\/www.enteratever.com\/2023\/wp-json\/wp\/v2\/users\/4"}],"replies":[{"embeddable":true,"href":"https:\/\/www.enteratever.com\/2023\/wp-json\/wp\/v2\/comments?post=173139"}],"version-history":[{"count":0,"href":"https:\/\/www.enteratever.com\/2023\/wp-json\/wp\/v2\/posts\/173139\/revisions"}],"wp:featuredmedia":[{"embeddable":true,"href":"https:\/\/www.enteratever.com\/2023\/wp-json\/wp\/v2\/media\/173140"}],"wp:attachment":[{"href":"https:\/\/www.enteratever.com\/2023\/wp-json\/wp\/v2\/media?parent=173139"}],"wp:term":[{"taxonomy":"category","embeddable":true,"href":"https:\/\/www.enteratever.com\/2023\/wp-json\/wp\/v2\/categories?post=173139"},{"taxonomy":"post_tag","embeddable":true,"href":"https:\/\/www.enteratever.com\/2023\/wp-json\/wp\/v2\/tags?post=173139"}],"curies":[{"name":"wp","href":"https:\/\/api.w.org\/{rel}","templated":true}]}}