{"id":173135,"date":"2021-02-02T18:06:36","date_gmt":"2021-02-02T18:06:36","guid":{"rendered":"https:\/\/www.enteratever.com\/2023\/inicia-registro-de-adultos-mayores-para-recibir-vacuna-anticovid-en-poza-rica\/"},"modified":"2021-02-02T18:06:36","modified_gmt":"2021-02-02T18:06:36","slug":"inicia-registro-de-adultos-mayores-para-recibir-vacuna-anticovid-en-poza-rica","status":"publish","type":"post","link":"https:\/\/www.enteratever.com\/2023\/2021\/02\/02\/inicia-registro-de-adultos-mayores-para-recibir-vacuna-anticovid-en-poza-rica\/","title":{"rendered":"Inicia registro de adultos mayores para recibir vacuna antiCovid en Poza Rica"},"content":{"rendered":"<p>Visitas: 7<\/p>\n<p class=\"wp-block-paragraph\">Comienzan las llamadas a las personas de la tercera edad esto a fin de poder contar con una estad\u00edstica de las personas que est\u00e9n de acuerdo a aplicarse la vacuna contra el Covid-19, esto como preparativo a la Jornada Nacional de Vacunaci\u00f3n, as\u00ed lo dio a conocer Emilio Olvera Andrade, Delegado Regional de Programas Sociales.<\/p>\n\n\n\n<p class=\"wp-block-paragraph\">En entrevista se\u00f1al\u00f3 que la encuesta consta de dos preguntas que son: si est\u00e1n de acuerdo a vacunarse, de ser que si, cuenta con la facilidad de moverse a un punto de vacunaci\u00f3n esto para crear una planeaci\u00f3n de las personas que est\u00e9n de acuerdo en aplicarsela, ya que en los pr\u00f3ximos d\u00edas estar\u00e1 dando inicio la etapa de vacunaci\u00f3n en el municipio.<\/p>\n\n\n\n<p class=\"wp-block-paragraph\">A pesar de no contar con una meta de personas de la tercera edad que se estar\u00e1n vacunando en el municipio es necesario tener una estad\u00edstica que cu\u00e1ntas personas ser\u00e1n las vacunadas, sin embargo las personas de 60 a 68 a\u00f1os no est\u00e1n incluidos en el programa de adultos mayores, en esta ocupaci\u00f3n estar\u00e1n siendo tomados en cuenta para aplicarles la vacuna.<\/p>\n\n\n\n<p class=\"wp-block-paragraph\">Asimismo dijo que este d\u00eda dos de febrero comienza el registro nacional de adultos mayores para poder recibir la vacuna contra el covid-19 as\u00ed lo dieron a dar a conocer las autoridades federales, por lo que solicitan a familiares ayuden a las personas de la tercera edad para registrarse en la p\u00e1gina de internet https:\/\/mivacuna.salud.gob.mx, para poder hacer el registro solo es necesario que cuenten con su curp.<\/p>\n\n\n\n<p class=\"wp-block-paragraph\">Olvera Andrade mencion\u00f3 que a\u00fan no cuentan con una fecha oficial para que comience la campa\u00f1a de vacunaci\u00f3n, pero dio a conocer que estar\u00e1n llegando vacunas de diferentes laboratorios, por lo que espera que la mayor\u00eda de la poblaci\u00f3n acuda a los m\u00f3dulos una vez que est\u00e9n registrado en la p\u00e1gina, pues es necesario que las personas se vacunen contra est\u00e1 enfermedad.<\/p>\n\n\n\n<p class=\"wp-block-paragraph\">Para las personas que no cuenten con internet estar\u00e1n recibiendo las solicitudes a trav\u00e9s de las oficinas de bienestar, por \u00faltimo el delegado se\u00f1al\u00f3 que las vacunas no estar\u00e1n siendo condicionado las vacunas por ning\u00fan programa federal, por lo que la dosis se estar\u00e1 aplicando a qui\u00e9n quiera y ser\u00e1 gratuita.<\/p>\n","protected":false},"excerpt":{"rendered":"<p>Visitas: 7 Comienzan las llamadas a las personas de la tercera edad esto a fin de poder contar con una estad\u00edstica de las personas que est\u00e9n de acuerdo a aplicarse la vacuna contra el Covid-19, esto como preparativo a la Jornada Nacional de Vacunaci\u00f3n, as\u00ed lo dio a conocer Emilio Olvera Andrade, Delegado Regional de [&hellip;]<\/p>\n","protected":false},"author":4,"featured_media":173136,"comment_status":"open","ping_status":"open","sticky":false,"template":"","format":"standard","meta":{"footnotes":""},"categories":[213],"tags":[],"class_list":["post-173135","post","type-post","status-publish","format-standard","has-post-thumbnail","category-poza-rica"],"nelio_content":{"isAutoShareEnabled":true,"autoShareEndMode":"never","automationSources":{"useCustomSentences":false,"customSentences":[]},"followers":[],"suggestedReferences":[],"efiUrl":"","efiAlt":"","highlights":[],"permalinkQueryArgs":[],"series":[]},"_links":{"self":[{"href":"https:\/\/www.enteratever.com\/2023\/wp-json\/wp\/v2\/posts\/173135","targetHints":{"allow":["GET"]}}],"collection":[{"href":"https:\/\/www.enteratever.com\/2023\/wp-json\/wp\/v2\/posts"}],"about":[{"href":"https:\/\/www.enteratever.com\/2023\/wp-json\/wp\/v2\/types\/post"}],"author":[{"embeddable":true,"href":"https:\/\/www.enteratever.com\/2023\/wp-json\/wp\/v2\/users\/4"}],"replies":[{"embeddable":true,"href":"https:\/\/www.enteratever.com\/2023\/wp-json\/wp\/v2\/comments?post=173135"}],"version-history":[{"count":0,"href":"https:\/\/www.enteratever.com\/2023\/wp-json\/wp\/v2\/posts\/173135\/revisions"}],"wp:featuredmedia":[{"embeddable":true,"href":"https:\/\/www.enteratever.com\/2023\/wp-json\/wp\/v2\/media\/173136"}],"wp:attachment":[{"href":"https:\/\/www.enteratever.com\/2023\/wp-json\/wp\/v2\/media?parent=173135"}],"wp:term":[{"taxonomy":"category","embeddable":true,"href":"https:\/\/www.enteratever.com\/2023\/wp-json\/wp\/v2\/categories?post=173135"},{"taxonomy":"post_tag","embeddable":true,"href":"https:\/\/www.enteratever.com\/2023\/wp-json\/wp\/v2\/tags?post=173135"}],"curies":[{"name":"wp","href":"https:\/\/api.w.org\/{rel}","templated":true}]}}