{"id":173121,"date":"2021-02-01T01:26:59","date_gmt":"2021-02-01T01:26:59","guid":{"rendered":"https:\/\/www.enteratever.com\/2023\/leonardo-amador-busca-la-alcaldia-de-poza-rica\/"},"modified":"2021-02-01T01:26:59","modified_gmt":"2021-02-01T01:26:59","slug":"leonardo-amador-busca-la-alcaldia-de-poza-rica","status":"publish","type":"post","link":"https:\/\/www.enteratever.com\/2023\/2021\/02\/01\/leonardo-amador-busca-la-alcaldia-de-poza-rica\/","title":{"rendered":"Leonardo Amador busca la alcald\u00eda de Poza Rica"},"content":{"rendered":"<p>Visitas: 4<\/p>\n<p class=\"wp-block-paragraph\"><\/p>\n\n\n\n<p class=\"wp-block-paragraph\"><\/p>\n\n\n\n<p class=\"wp-block-paragraph\">Leonardo Amador Rodr\u00edguez, ex diputado federal se registr\u00f3 este domingo 31 de enero por la alcald\u00eda de Poza Rica, en las oficinas a nivel estatal del Partido Acci\u00f3n Nacional (PAN), el cual a pesar de no contar una gran trayectoria dentro de la pol\u00edtica en el pr\u00f3ximo proceso electoral estar\u00e1 buscando ser el nuevo presidente la ciudad petrolera.<\/p>\n\n\n\n<p class=\"wp-block-paragraph\">Apesar de que el PAN estar\u00e1 realizando la alianza \u00abVa por Veracruz\u00bb con los partidos, Partido Revolucionario Institucional (PRI) y el Partido de la Revoluci\u00f3n Democr\u00e1tica (PRD) este domingo militantes del partido acudieron para realizar su registro de manera oficial por lo que posteriormente a los registros se estar\u00e1 relizando la votaci\u00f3n para saber qui\u00e9n estar\u00e1 representando al partido en esta alianza.<\/p>\n\n\n\n<p class=\"wp-block-paragraph\">Amador Rodr\u00edguez fue diputado federal por el PRD, por lo que ahora se suma a las l\u00edneas del PAN, partido que le est\u00e1 dando la oportunidad de poder presentar un proyecto nuevo a la poblaci\u00f3n de Poza Rica, el cual est\u00e1 convencido que con el apoyo de la ciudadan\u00eda estar\u00eda apoyando a la poblaci\u00f3n que m\u00e1s lo necesita y m\u00e1s en estos momentos que Poza Rica atraviesa por una situaci\u00f3n muy complicada.<\/p>\n\n\n\n<p class=\"wp-block-paragraph\">El Partido Acci\u00f3n Nacional estar\u00e1 relizando el registro de los aspirantes, los cuales tiene hasta el pr\u00f3ximo dos de febrero para acudir y enlistarse, por lo que a primera hora el ex diputado federal acudido en compa\u00f1\u00eda de Aldo Ceballos Torres, empresarios de las ciudad, se\u00f1al\u00f3 que conoce lo dif\u00edcil que es m\u00e1s tener un negocio en estos momentos, por lo que de quedar estar\u00e1 teniendo el acercamientos con ellos.<\/p>\n\n\n\n<p class=\"wp-block-paragraph\">Esta noticia caus\u00f3 asombro, pues hay personas que tiene diferentes formas de pensar del trajo que realiz\u00f3 cuando fue diputado federal, pero hay quienes apoyan al aspirante a la alcald\u00eda, por lo que las muestras de apoyo, por lo que solo queda esperar a que el PAN realice su elecci\u00f3n interna para conocer quien ser\u00e1 el candidato.<\/p>\n","protected":false},"excerpt":{"rendered":"<p>Visitas: 4 Leonardo Amador Rodr\u00edguez, ex diputado federal se registr\u00f3 este domingo 31 de enero por la alcald\u00eda de Poza Rica, en las oficinas a nivel estatal del Partido Acci\u00f3n Nacional (PAN), el cual a pesar de no contar una gran trayectoria dentro de la pol\u00edtica en el pr\u00f3ximo proceso electoral estar\u00e1 buscando ser el [&hellip;]<\/p>\n","protected":false},"author":4,"featured_media":173122,"comment_status":"open","ping_status":"open","sticky":false,"template":"","format":"standard","meta":{"footnotes":""},"categories":[213],"tags":[],"class_list":["post-173121","post","type-post","status-publish","format-standard","has-post-thumbnail","category-poza-rica"],"nelio_content":{"isAutoShareEnabled":true,"autoShareEndMode":"never","automationSources":{"useCustomSentences":false,"customSentences":[]},"followers":[],"suggestedReferences":[],"efiUrl":"","efiAlt":"","highlights":[],"permalinkQueryArgs":[],"series":[]},"_links":{"self":[{"href":"https:\/\/www.enteratever.com\/2023\/wp-json\/wp\/v2\/posts\/173121","targetHints":{"allow":["GET"]}}],"collection":[{"href":"https:\/\/www.enteratever.com\/2023\/wp-json\/wp\/v2\/posts"}],"about":[{"href":"https:\/\/www.enteratever.com\/2023\/wp-json\/wp\/v2\/types\/post"}],"author":[{"embeddable":true,"href":"https:\/\/www.enteratever.com\/2023\/wp-json\/wp\/v2\/users\/4"}],"replies":[{"embeddable":true,"href":"https:\/\/www.enteratever.com\/2023\/wp-json\/wp\/v2\/comments?post=173121"}],"version-history":[{"count":0,"href":"https:\/\/www.enteratever.com\/2023\/wp-json\/wp\/v2\/posts\/173121\/revisions"}],"wp:featuredmedia":[{"embeddable":true,"href":"https:\/\/www.enteratever.com\/2023\/wp-json\/wp\/v2\/media\/173122"}],"wp:attachment":[{"href":"https:\/\/www.enteratever.com\/2023\/wp-json\/wp\/v2\/media?parent=173121"}],"wp:term":[{"taxonomy":"category","embeddable":true,"href":"https:\/\/www.enteratever.com\/2023\/wp-json\/wp\/v2\/categories?post=173121"},{"taxonomy":"post_tag","embeddable":true,"href":"https:\/\/www.enteratever.com\/2023\/wp-json\/wp\/v2\/tags?post=173121"}],"curies":[{"name":"wp","href":"https:\/\/api.w.org\/{rel}","templated":true}]}}