{"id":173116,"date":"2021-01-31T23:09:17","date_gmt":"2021-01-31T23:09:17","guid":{"rendered":"https:\/\/www.enteratever.com\/2023\/01-al-14-de-febrero-poza-rica-en-color-rojo\/"},"modified":"2021-01-31T23:09:17","modified_gmt":"2021-01-31T23:09:17","slug":"01-al-14-de-febrero-poza-rica-en-color-rojo","status":"publish","type":"post","link":"https:\/\/www.enteratever.com\/2023\/2021\/01\/31\/01-al-14-de-febrero-poza-rica-en-color-rojo\/","title":{"rendered":"01 al 14 de febrero Poza Rica en color rojo"},"content":{"rendered":"<p>Visitas: 6<\/p>\n<p class=\"wp-block-paragraph\">Derivado al incremento en casos de Covid-19 en Poza Rica, por lo que del primero al 14 de febrero la ciudad se mantendr\u00e1 en color rojo, por lo que del primero esto de acuerdo a la actualizaci\u00f3n que el sector salud a nivel estatal ha dado a conocer, por lo que es necesario que las autoridades municipales contin\u00faen con las medidas estrictas.<\/p>\n\n\n\n<p class=\"wp-block-paragraph\">Actualmente la ciudad cuenta con un total de tres mil 284 casos confirmados, mil 83 capas sospechosos y 456 defunciones, pues en semanas pasadas se dio a conocer que al d\u00eda se infectaban un promedio de 12 personas, por lo que es necesario que los ciudadanos hagan conciencia de la importancia que tiene el continuar cuid\u00e1ndose y evitar acudir a lugares concurridos.<\/p>\n\n\n\n<p class=\"wp-block-paragraph\">Adem\u00e1s de que el gobernador del estado, Cuitl\u00e1huac Garc\u00eda Jim\u00e9nez el pasado 28 de enero decret\u00f3 la tercera alerta sanitaria la cual concluye el pr\u00f3ximo martes dos de febrero, por lo que el ah\u00ed ayuntamiento de Poza Rica contin\u00fao con las mismas medias, esto para evitar que siga el aumento de caso, pero el virus ha superado los esfuerzos que han realizado pues siguen incrementando considerablemente los contagios.<\/p>\n\n\n\n<p class=\"wp-block-paragraph\">Cabe destacar que a pesar de que algunos hospitales han disminuido la ocupaci\u00f3n, temen que vuelvan a estar a punto del colapso, por lo que es necesario que la gente ponga de su parte, pues ya no solo depende de las acciones que el municipio implemente sino m\u00e1s bien que sea en conjunto para que de esta forma todos se vean beneficiados.<\/p>\n\n\n\n<p class=\"wp-block-paragraph\">Es importante mencionar que la ciudad ocupa el tercer lugar por de bajo de Veracruz, municipio que encabeza la lista con 10 mil 537 casos confirmados mil 351casos sospechosos y Xalapa que ocupa el segundo lugar con tres mil 717 casos positivos y 811casos sospechosos, por lo que en cada una de estas ciudad se han implementado varias acciones.<\/p>\n\n\n\n<figure class=\"wp-block-gallery columns-1 is-cropped wp-block-gallery-1 is-layout-flex wp-block-gallery-is-layout-flex\"><ul class=\"blocks-gallery-grid\"><li class=\"blocks-gallery-item\"><figure><img decoding=\"async\" src=\"https:\/\/www.enteratever.com\/2020\/wp-content\/uploads\/2021\/01\/WhatsApp-Image-2021-01-31-at-16.59.37.jpeg\" alt=\"\" data-id=\"35461\" data-full-url=\"https:\/\/www.enteratever.com\/2020\/wp-content\/uploads\/2021\/01\/WhatsApp-Image-2021-01-31-at-16.59.37.jpeg\" data-link=\"https:\/\/www.enteratever.com\/?attachment_id=35461\" class=\"wp-image-35461\"\/><\/figure><\/li><li class=\"blocks-gallery-item\"><figure><img decoding=\"async\" src=\"https:\/\/www.enteratever.com\/2020\/wp-content\/uploads\/2021\/01\/WhatsApp-Image-2021-01-31-at-16.59.38.jpeg\" alt=\"\" data-id=\"35462\" data-full-url=\"https:\/\/www.enteratever.com\/2020\/wp-content\/uploads\/2021\/01\/WhatsApp-Image-2021-01-31-at-16.59.38.jpeg\" data-link=\"https:\/\/www.enteratever.com\/?attachment_id=35462\" class=\"wp-image-35462\"\/><\/figure><\/li><li class=\"blocks-gallery-item\"><figure><img decoding=\"async\" src=\"https:\/\/www.enteratever.com\/2020\/wp-content\/uploads\/2021\/01\/WhatsApp-Image-2021-01-31-at-16.59.39.jpeg\" alt=\"\" data-id=\"35463\" data-full-url=\"https:\/\/www.enteratever.com\/2020\/wp-content\/uploads\/2021\/01\/WhatsApp-Image-2021-01-31-at-16.59.39.jpeg\" data-link=\"https:\/\/www.enteratever.com\/?attachment_id=35463\" class=\"wp-image-35463\"\/><\/figure><\/li><li class=\"blocks-gallery-item\"><figure><img decoding=\"async\" src=\"https:\/\/www.enteratever.com\/2020\/wp-content\/uploads\/2021\/01\/WhatsApp-Image-2021-01-31-at-16.59.40.jpeg\" alt=\"\" data-id=\"35464\" data-full-url=\"https:\/\/www.enteratever.com\/2020\/wp-content\/uploads\/2021\/01\/WhatsApp-Image-2021-01-31-at-16.59.40.jpeg\" data-link=\"https:\/\/www.enteratever.com\/?attachment_id=35464\" class=\"wp-image-35464\"\/><\/figure><\/li><li class=\"blocks-gallery-item\"><figure><img decoding=\"async\" src=\"https:\/\/www.enteratever.com\/2020\/wp-content\/uploads\/2021\/01\/WhatsApp-Image-2021-01-31-at-16.59.41.jpeg\" alt=\"\" data-id=\"35465\" data-full-url=\"https:\/\/www.enteratever.com\/2020\/wp-content\/uploads\/2021\/01\/WhatsApp-Image-2021-01-31-at-16.59.41.jpeg\" data-link=\"https:\/\/www.enteratever.com\/?attachment_id=35465\" class=\"wp-image-35465\"\/><\/figure><\/li><li class=\"blocks-gallery-item\"><figure><img decoding=\"async\" src=\"https:\/\/www.enteratever.com\/2020\/wp-content\/uploads\/2021\/01\/WhatsApp-Image-2021-01-31-at-16.59.42.jpeg\" alt=\"\" data-id=\"35466\" data-full-url=\"https:\/\/www.enteratever.com\/2020\/wp-content\/uploads\/2021\/01\/WhatsApp-Image-2021-01-31-at-16.59.42.jpeg\" data-link=\"https:\/\/www.enteratever.com\/?attachment_id=35466\" class=\"wp-image-35466\"\/><\/figure><\/li><\/ul><\/figure>\n","protected":false},"excerpt":{"rendered":"<p>Visitas: 6 Derivado al incremento en casos de Covid-19 en Poza Rica, por lo que del primero al 14 de febrero la ciudad se mantendr\u00e1 en color rojo, por lo que del primero esto de acuerdo a la actualizaci\u00f3n que el sector salud a nivel estatal ha dado a conocer, por lo que es necesario [&hellip;]<\/p>\n","protected":false},"author":4,"featured_media":173117,"comment_status":"open","ping_status":"open","sticky":false,"template":"","format":"standard","meta":{"footnotes":""},"categories":[213],"tags":[],"class_list":["post-173116","post","type-post","status-publish","format-standard","has-post-thumbnail","category-poza-rica"],"nelio_content":{"isAutoShareEnabled":true,"autoShareEndMode":"never","automationSources":{"useCustomSentences":false,"customSentences":[]},"followers":[],"suggestedReferences":[],"efiUrl":"","efiAlt":"","highlights":[],"permalinkQueryArgs":[],"series":[]},"_links":{"self":[{"href":"https:\/\/www.enteratever.com\/2023\/wp-json\/wp\/v2\/posts\/173116","targetHints":{"allow":["GET"]}}],"collection":[{"href":"https:\/\/www.enteratever.com\/2023\/wp-json\/wp\/v2\/posts"}],"about":[{"href":"https:\/\/www.enteratever.com\/2023\/wp-json\/wp\/v2\/types\/post"}],"author":[{"embeddable":true,"href":"https:\/\/www.enteratever.com\/2023\/wp-json\/wp\/v2\/users\/4"}],"replies":[{"embeddable":true,"href":"https:\/\/www.enteratever.com\/2023\/wp-json\/wp\/v2\/comments?post=173116"}],"version-history":[{"count":0,"href":"https:\/\/www.enteratever.com\/2023\/wp-json\/wp\/v2\/posts\/173116\/revisions"}],"wp:featuredmedia":[{"embeddable":true,"href":"https:\/\/www.enteratever.com\/2023\/wp-json\/wp\/v2\/media\/173117"}],"wp:attachment":[{"href":"https:\/\/www.enteratever.com\/2023\/wp-json\/wp\/v2\/media?parent=173116"}],"wp:term":[{"taxonomy":"category","embeddable":true,"href":"https:\/\/www.enteratever.com\/2023\/wp-json\/wp\/v2\/categories?post=173116"},{"taxonomy":"post_tag","embeddable":true,"href":"https:\/\/www.enteratever.com\/2023\/wp-json\/wp\/v2\/tags?post=173116"}],"curies":[{"name":"wp","href":"https:\/\/api.w.org\/{rel}","templated":true}]}}