{"id":173112,"date":"2021-01-29T23:25:07","date_gmt":"2021-01-29T23:25:07","guid":{"rendered":"https:\/\/www.enteratever.com\/2023\/prd-encabeza-la-alianza-en-poza-rica\/"},"modified":"2021-01-29T23:25:07","modified_gmt":"2021-01-29T23:25:07","slug":"prd-encabeza-la-alianza-en-poza-rica","status":"publish","type":"post","link":"https:\/\/www.enteratever.com\/2023\/2021\/01\/29\/prd-encabeza-la-alianza-en-poza-rica\/","title":{"rendered":"PRD encabeza la alianza en Poza Rica"},"content":{"rendered":"<p>Visitas: 6<\/p>\n<p class=\"wp-block-paragraph\"><em>Aseguran dos candidaturas por el mayor n\u00famero de votantes en las pasadas elecciones.<\/em><\/p>\n\n\n\n<p class=\"wp-block-paragraph\">El coordinador en la Zona Norte del estado de Veracruz del Partido de la Revoluci\u00f3n Democr\u00e1tica (PRD) Gregorio G\u00f3mez Mart\u00ednez, tuvo una participaci\u00f3n en la elecci\u00f3n de quienes estar\u00e1n represando al partido en las pr\u00f3ximas elecciones en los municipios en esta regi\u00f3n, as\u00ed lo dio a conocer Bruno Mart\u00ednez Aparicio, presidente del comit\u00e9 ejecutivo municipal del PRD.<\/p>\n\n\n\n<p class=\"wp-block-paragraph\">De acuerdo con los datos recabados con el presidente del comit\u00e9 del PRD en Poza Rica se\u00f1al\u00f3 que los tiempos para la el registro de las plantillas ser\u00e1 el pr\u00f3ximo 14 de febrero, por lo que cuentan ya con algunos nombres de aquellos que est\u00e1n interesados en participar en este proceso electoral, el cual se ha convertido en el m\u00e1s importante de la d\u00e9cada.<\/p>\n\n\n\n<p class=\"wp-block-paragraph\">Se\u00f1al\u00f3 que cuentan con algunos militantes del partido del Sol Azteca, una de ellas es Eliza Rivera Elizalde, qui\u00e9n es una mujer que siempre ha trabajado por el bienestar de las personas y por apoyar a quienes menos tienen, por lo que consideran que es la mejor representante del partido, ella estar\u00e1 compitiendo por la diputaci\u00f3n federal.<\/p>\n\n\n\n<p class=\"wp-block-paragraph\">Lalo Vel\u00e1zquez, qui\u00e9n a trav\u00e9s de su fundaci\u00f3n ha logrado apoyar a muchas personas, por lo que son ciudadanos comprometidos con la poblaci\u00f3n de Poza Rica y de la regi\u00f3n, se esperan poderse llevar la gran cantidad de votos como en las elecciones pasadas, pues apesar de que cada partido estar\u00e1 presentando a sus mejores militantes, est\u00e1n seguros que pueden ganar.<\/p>\n\n\n\n<p class=\"wp-block-paragraph\">Ranulfo Nery Reyes Piantta, qui\u00e9n ya se registr\u00f3 por la alcald\u00eda de Poza Rica, qui\u00e9n tambi\u00e9n ha trabajado por la gente m\u00e1s necesitada, adem\u00e1s de que ha ocupado algunos cargos p\u00fablicos en administraciones pasadas por lo que est\u00e1n seguros que son j\u00f3venes que est\u00e1n preparados y estar\u00e1n haciendo muy bien trabajo y pondr\u00e1n el nombre del partido en alto.<\/p>\n\n\n\n<p class=\"wp-block-paragraph\">Por lo que en los pr\u00f3ximos d\u00edas estar\u00e1n analizando qui\u00e9n de los dos ser\u00e1 el candidato a la presidencia municipal por Poza Rica por lo que de manera interna estar\u00e1n realizando una elecci\u00f3n en alianza con el PRI y PAN, cabe destacar que el partido tiene un padr\u00f3n de 700 militantes.<\/p>\n","protected":false},"excerpt":{"rendered":"<p>Visitas: 6 Aseguran dos candidaturas por el mayor n\u00famero de votantes en las pasadas elecciones. El coordinador en la Zona Norte del estado de Veracruz del Partido de la Revoluci\u00f3n Democr\u00e1tica (PRD) Gregorio G\u00f3mez Mart\u00ednez, tuvo una participaci\u00f3n en la elecci\u00f3n de quienes estar\u00e1n represando al partido en las pr\u00f3ximas elecciones en los municipios en [&hellip;]<\/p>\n","protected":false},"author":4,"featured_media":173113,"comment_status":"open","ping_status":"open","sticky":false,"template":"","format":"standard","meta":{"footnotes":""},"categories":[213],"tags":[],"class_list":["post-173112","post","type-post","status-publish","format-standard","has-post-thumbnail","category-poza-rica"],"nelio_content":{"isAutoShareEnabled":true,"autoShareEndMode":"never","automationSources":{"useCustomSentences":false,"customSentences":[]},"followers":[],"suggestedReferences":[],"efiUrl":"","efiAlt":"","highlights":[],"permalinkQueryArgs":[],"series":[]},"_links":{"self":[{"href":"https:\/\/www.enteratever.com\/2023\/wp-json\/wp\/v2\/posts\/173112","targetHints":{"allow":["GET"]}}],"collection":[{"href":"https:\/\/www.enteratever.com\/2023\/wp-json\/wp\/v2\/posts"}],"about":[{"href":"https:\/\/www.enteratever.com\/2023\/wp-json\/wp\/v2\/types\/post"}],"author":[{"embeddable":true,"href":"https:\/\/www.enteratever.com\/2023\/wp-json\/wp\/v2\/users\/4"}],"replies":[{"embeddable":true,"href":"https:\/\/www.enteratever.com\/2023\/wp-json\/wp\/v2\/comments?post=173112"}],"version-history":[{"count":0,"href":"https:\/\/www.enteratever.com\/2023\/wp-json\/wp\/v2\/posts\/173112\/revisions"}],"wp:featuredmedia":[{"embeddable":true,"href":"https:\/\/www.enteratever.com\/2023\/wp-json\/wp\/v2\/media\/173113"}],"wp:attachment":[{"href":"https:\/\/www.enteratever.com\/2023\/wp-json\/wp\/v2\/media?parent=173112"}],"wp:term":[{"taxonomy":"category","embeddable":true,"href":"https:\/\/www.enteratever.com\/2023\/wp-json\/wp\/v2\/categories?post=173112"},{"taxonomy":"post_tag","embeddable":true,"href":"https:\/\/www.enteratever.com\/2023\/wp-json\/wp\/v2\/tags?post=173112"}],"curies":[{"name":"wp","href":"https:\/\/api.w.org\/{rel}","templated":true}]}}